{"id":451500,"date":"2026-02-17T12:59:01","date_gmt":"2026-02-17T11:59:01","guid":{"rendered":"https:\/\/www.pcnen.com\/portal\/?p=451500"},"modified":"2026-02-17T13:01:00","modified_gmt":"2026-02-17T12:01:00","slug":"kosovo-obiljezava-18-godina-nezavisnosti","status":"publish","type":"post","link":"https:\/\/www.pcnen.com\/portal\/2026\/02\/17\/kosovo-obiljezava-18-godina-nezavisnosti\/","title":{"rendered":"Kosovo obilje\u017eava 18 godina nezavisnosti"},"content":{"rendered":"<p>Kosovo danas nizom aktivnosti obilje\u017eava 18 godina nezavisnosti, a u Pri\u0161tini \u0107e biti odr\u017ean i protest u znak podr\u0161ke biv\u0161im liderima Oslobodila\u010dke vojske Kosova kojima se sudi u Hagu.<\/p>\n<p>Obilje\u017eavanje godi\u0161njice po\u010delo je podizanjem zastave u sedam sati jutros, dok je dvadesetak minuta kasnije odr\u017eana sve\u010dana sjednica kosovske vlade, prenosi KoSSev.<\/p>\n<p>Odata je po\u010dast kod Spomenika nestalim licima i Memorijala o ubijenoj djeci, te na grobu biv\u0161eg predsjednika Kosova, Ibrahima Rugove, a potom i na grobu Adema Dema\u0107ija.<\/p>\n<p>&#8220;Prije 18 godina ro\u0111ena je nezavisnost Republike Kosovo, ali ro\u0111ena je zrelo, budu\u0107i da su mnoge generacije aktivista, cijeli na\u0161 narod s bezbrojnim generacijama, doprinijele, \u017ertvovale se kako bismo mogli biti slobodni i neovisni, imati demokratsku i suverenu dr\u017eavu&#8221;, kazao je kosovski premijer Aljbin Kurti nakon podizanja zastave Kosova i polaganja vijenaca na grobu Rugove.<\/p>\n<p>Na sve\u010danoj sjednici kosovske vlade Kurti je podsjetio je kako se u Hagu vodi postupak protiv \u010delnika koji su doprnijeli slobodi i nezavisnosti najmla\u0111e evropske dr\u017eave, prenose Reporteri.net.<\/p>\n<p>Kosovska predsjednica Vjosa Osmani \u010destitala je 18. godi\u0161njicu nezavisnosti te dodala kako je 17. februar dan kada se odaje po\u010dast onima koji su se \u017ertvovali kako bi danas Kosovo bilo dr\u017eava.<\/p>\n<blockquote><p>Kancelarija za Kosovo i Metohiju saop\u0161tila je da jednostrano progla\u0161enje nezavisnosti Kosova prije 18 godina predstavlja \u201eveliki poraz\u201c sa stanovi\u0161ta me\u0111unarodnog prava, ali i poraz za sve koji su se nadali uspostavljanju normalnog i ure\u0111enog mirnodopskog dru\u0161tva na Kosovu.<\/p>\n<p>\u201eSrbija, bore\u0107i se za svoj suverenitet i teritorijalni integritet, a protiv separatizma na Kosovu, \u0161titi ne samo svoje vitalne dr\u017eavne i nacionalne interese, ve\u0107 same temelje me\u0111unarodnopravnog poretka zasnovanog na Povelji i vrijednostima Ujedinjenih nacija\u201c, navodi se u saop\u0161tenju.<\/p>\n<p>Prema navodima Kancelarije, odluka donijeta u Pri\u0161tini prije 18 godina problemati\u010dna je i sa moralnog stanovi\u0161ta, jer je njome, kako tvrde, uspostavljen antidemokratski politi\u010dki sistem koji po\u010diva na sistematskom obespravljivanju i teroru nad srpskim narodom i njihovom progonu.<\/p>\n<p>Kancelarija je navela da su ljudska prava Srba na Kosovu i Metohiji u toj mjeri ugro\u017eena da se, kako isti\u010du, bez zadr\u0161ke mo\u017ee re\u0107i da je rije\u010d o \u201enajugro\u017eenijem narodu na tlu savremene Evrope\u201c.<\/p>\n<p>\u201eNa\u0161a politi\u010dko-diplomatska borba za ju\u017enu srpsku pokrajinu Kosovo i Metohiju zato nije samo me\u0111unarodnopravna obaveza, ve\u0107 i moralni imperativ i najva\u017enije nacionalno pitanje i tim principima \u0107emo se voditi i brinuti o na\u0161em narodu dok god je na \u010delu Srbije predsjednik Aleksandar Vu\u010di\u0107\u201c, poru\u010dili su iz Kancelarije za Kosovo i Metohiju.<\/p><\/blockquote>\n<blockquote class=\"wp-embedded-content\" data-secret=\"IHw3qqH5NR\"><p><a href=\"https:\/\/www.pcnen.com\/portal\/2026\/02\/16\/tramp-cestitao-18-godisnjicu-nezavisnosti-kosova\/\">Tramp \u010destitao 18. godi\u0161njicu nezavisnosti Kosova<\/a><\/p><\/blockquote>\n<p><iframe loading=\"lazy\" class=\"wp-embedded-content\" sandbox=\"allow-scripts\" security=\"restricted\" style=\"position: absolute; visibility: hidden;\" title=\"&#8220;Tramp \u010destitao 18. godi\u0161njicu nezavisnosti Kosova&#8221; &#8212; PCNEN\" src=\"https:\/\/www.pcnen.com\/portal\/2026\/02\/16\/tramp-cestitao-18-godisnjicu-nezavisnosti-kosova\/embed\/#?secret=EVZ2d2wllQ#?secret=IHw3qqH5NR\" data-secret=\"IHw3qqH5NR\" width=\"600\" height=\"338\" frameborder=\"0\" marginwidth=\"0\" marginheight=\"0\" scrolling=\"no\"><\/iframe><\/p>\n<p>&nbsp;<\/p>\n","protected":false},"excerpt":{"rendered":"<p>Kosovo danas nizom aktivnosti obilje\u017eava 18 godina nezavisnosti, a u Pri\u0161tini \u0107e biti odr\u017ean i protest u znak podr\u0161ke biv\u0161im liderima Oslobodila\u010dke vojske Kosova kojima se sudi u Hagu.<\/p>\n","protected":false},"author":1,"featured_media":451503,"comment_status":"open","ping_status":"closed","sticky":false,"template":"","format":"standard","meta":{"_seopress_robots_primary_cat":"none","_seopress_titles_title":"","_seopress_titles_desc":"","_seopress_robots_index":"","_et_pb_use_builder":"","_et_pb_old_content":"","_et_gb_content_width":"","inline_featured_image":false,"footnotes":""},"categories":[14],"tags":[],"class_list":["post-451500","post","type-post","status-publish","format-standard","has-post-thumbnail","hentry","category-vijesti"],"_links":{"self":[{"href":"https:\/\/www.pcnen.com\/portal\/wp-json\/wp\/v2\/posts\/451500","targetHints":{"allow":["GET"]}}],"collection":[{"href":"https:\/\/www.pcnen.com\/portal\/wp-json\/wp\/v2\/posts"}],"about":[{"href":"https:\/\/www.pcnen.com\/portal\/wp-json\/wp\/v2\/types\/post"}],"author":[{"embeddable":true,"href":"https:\/\/www.pcnen.com\/portal\/wp-json\/wp\/v2\/users\/1"}],"replies":[{"embeddable":true,"href":"https:\/\/www.pcnen.com\/portal\/wp-json\/wp\/v2\/comments?post=451500"}],"version-history":[{"count":3,"href":"https:\/\/www.pcnen.com\/portal\/wp-json\/wp\/v2\/posts\/451500\/revisions"}],"predecessor-version":[{"id":451506,"href":"https:\/\/www.pcnen.com\/portal\/wp-json\/wp\/v2\/posts\/451500\/revisions\/451506"}],"wp:featuredmedia":[{"embeddable":true,"href":"https:\/\/www.pcnen.com\/portal\/wp-json\/wp\/v2\/media\/451503"}],"wp:attachment":[{"href":"https:\/\/www.pcnen.com\/portal\/wp-json\/wp\/v2\/media?parent=451500"}],"wp:term":[{"taxonomy":"category","embeddable":true,"href":"https:\/\/www.pcnen.com\/portal\/wp-json\/wp\/v2\/categories?post=451500"},{"taxonomy":"post_tag","embeddable":true,"href":"https:\/\/www.pcnen.com\/portal\/wp-json\/wp\/v2\/tags?post=451500"}],"curies":[{"name":"wp","href":"https:\/\/api.w.org\/{rel}","templated":true}]}}