{"id":450329,"date":"2026-02-01T22:45:34","date_gmt":"2026-02-01T21:45:34","guid":{"rendered":"https:\/\/www.pcnen.com\/portal\/?p=450329"},"modified":"2026-02-01T22:48:34","modified_gmt":"2026-02-01T21:48:34","slug":"milan-knezevic-rekao-da-zna-koji-bi-ministri-trebali-da-drhte-zbog-kompromitujucih-snimaka-video","status":"publish","type":"post","link":"https:\/\/www.pcnen.com\/portal\/2026\/02\/01\/milan-knezevic-rekao-da-zna-koji-bi-ministri-trebali-da-drhte-zbog-kompromitujucih-snimaka-video\/","title":{"rendered":"Milan Kne\u017eevi\u0107 rekao da zna koji bi ministri trebali da drhte zbog kompromituju\u0107ih snimaka (video)"},"content":{"rendered":"<p>Lider Demokratske narodne partije Milan Kne\u017eevi\u0107 je izjavio da \u201cnajmanje pet ministara\u201d u aktuelnoj crnogorskoj vladi, \u201ctreba da drhte&#8221; ako se pojave kompromituju\u0107i snimci za koje on zna.<\/p>\n<p>On je rekao, gostuju\u0107i u emisiji Slobodna zona na TV Prva, &#8220;da bi najmanje pet ministara trebalo da drhti&#8221; u slu\u010daju da se pojave neki eksplicitni snimci.<\/p>\n<p>Kne\u017eevi\u0107 je ovo kazao komentari\u0161u\u0107i aktuelnu seks aferu u koju su umije\u0161ani biv\u0161i savjetnik predsjednika Crne Gore Dejan Vuk\u0161i\u0107 I biv\u0161a direktorica jednog direktorata u Ministarstvu za ljudska I manjinska prava Mirjana Pajovi\u0107.<\/p>\n<p>Kne\u017eevi\u0107eva partija je odlu\u010dila da pre\u0111e u opoziciju nakon razmimoila\u017eenje sa Vladom oko gradnje kolektora za pre\u010di\u0161\u0107avanje otpadnih voda u selu Botun.<\/p>\n<p><iframe loading=\"lazy\" title=\"YouTube video player\" src=\"https:\/\/www.youtube.com\/embed\/7mvVIxSQakw?si=zSigWCHFnfB0_z3w&amp;clip=Ugkx4yqycmsBXCga6l08PGzzSkQnFe4Acci_&amp;clipt=EMbTqAEYuPqrAQ\" width=\"560\" height=\"315\" frameborder=\"0\" allowfullscreen=\"allowfullscreen\"><\/iframe><\/p>\n","protected":false},"excerpt":{"rendered":"<p>Lider Demokratske narodne partije Milan Kne\u017eevi\u0107 je izjavio da \u201cnajmanje pet ministara\u201d u aktuelnoj crnogorskoj vladi, \u201ctreba da drhte&#8221; ako se pojave kompromituju\u0107i snimci za koje on zna<\/p>\n","protected":false},"author":1,"featured_media":404644,"comment_status":"open","ping_status":"closed","sticky":false,"template":"","format":"standard","meta":{"_seopress_robots_primary_cat":"none","_seopress_titles_title":"","_seopress_titles_desc":"","_seopress_robots_index":"","_et_pb_use_builder":"","_et_pb_old_content":"","_et_gb_content_width":"","inline_featured_image":false,"footnotes":""},"categories":[14],"tags":[],"class_list":["post-450329","post","type-post","status-publish","format-standard","has-post-thumbnail","hentry","category-vijesti"],"_links":{"self":[{"href":"https:\/\/www.pcnen.com\/portal\/wp-json\/wp\/v2\/posts\/450329","targetHints":{"allow":["GET"]}}],"collection":[{"href":"https:\/\/www.pcnen.com\/portal\/wp-json\/wp\/v2\/posts"}],"about":[{"href":"https:\/\/www.pcnen.com\/portal\/wp-json\/wp\/v2\/types\/post"}],"author":[{"embeddable":true,"href":"https:\/\/www.pcnen.com\/portal\/wp-json\/wp\/v2\/users\/1"}],"replies":[{"embeddable":true,"href":"https:\/\/www.pcnen.com\/portal\/wp-json\/wp\/v2\/comments?post=450329"}],"version-history":[{"count":4,"href":"https:\/\/www.pcnen.com\/portal\/wp-json\/wp\/v2\/posts\/450329\/revisions"}],"predecessor-version":[{"id":450335,"href":"https:\/\/www.pcnen.com\/portal\/wp-json\/wp\/v2\/posts\/450329\/revisions\/450335"}],"wp:featuredmedia":[{"embeddable":true,"href":"https:\/\/www.pcnen.com\/portal\/wp-json\/wp\/v2\/media\/404644"}],"wp:attachment":[{"href":"https:\/\/www.pcnen.com\/portal\/wp-json\/wp\/v2\/media?parent=450329"}],"wp:term":[{"taxonomy":"category","embeddable":true,"href":"https:\/\/www.pcnen.com\/portal\/wp-json\/wp\/v2\/categories?post=450329"},{"taxonomy":"post_tag","embeddable":true,"href":"https:\/\/www.pcnen.com\/portal\/wp-json\/wp\/v2\/tags?post=450329"}],"curies":[{"name":"wp","href":"https:\/\/api.w.org\/{rel}","templated":true}]}}