{"id":450310,"date":"2026-02-01T20:26:11","date_gmt":"2026-02-01T19:26:11","guid":{"rendered":"https:\/\/www.pcnen.com\/portal\/?p=450310"},"modified":"2026-02-01T20:26:11","modified_gmt":"2026-02-01T19:26:11","slug":"dnevna-temperatura-vazduha-od-0-do-13-stepeni","status":"publish","type":"post","link":"https:\/\/www.pcnen.com\/portal\/2026\/02\/01\/dnevna-temperatura-vazduha-od-0-do-13-stepeni\/","title":{"rendered":"Dnevna temperatura vazduha od 0 do 13 stepeni"},"content":{"rendered":"<p>U ju\u017enim predjelima Crne Gore bi\u0107e promjenljivo obla\u010dno sa sun\u010danim intervalima, a u sjevernim prete\u017eno obla\u010dno i uglavnom suvo &#8211; zvani\u010dna je prognoza za ponedjeljak u Crnoj Gori.<\/p>\n<p>Vjetar promjenljivog pravca duva\u0107e uglavnom slabom snagom.<\/p>\n<p>Jutarnja temperatura vazduha bi\u0107e u rasponu od -5 do 7 stepeni, a najvi\u0161a dnevna temperatura vazduha od 0 do 13 stepeni.<\/p>\n<blockquote><p>U Podgorici \u0107e biti promjenljivo obla\u010dno sa sun\u010danim intervalima. Vjetar promjenljivog smjera duva\u0107e slabo. Jutarnja temperatura vazduha bi\u0107e oko 4 stepena, najvi\u0161a dnevna oko 10 stepeni.<\/p><\/blockquote>\n","protected":false},"excerpt":{"rendered":"<p>U ju\u017enim predjelima Crne Gore bi\u0107e promjenljivo obla\u010dno sa sun\u010danim intervalima, a u sjevernim prete\u017eno obla\u010dno i uglavnom suvo &#8211; zvani\u010dna je prognoza za ponedjeljak u Crnoj Gori<\/p>\n","protected":false},"author":1,"featured_media":335084,"comment_status":"open","ping_status":"closed","sticky":false,"template":"","format":"standard","meta":{"_seopress_robots_primary_cat":"none","_seopress_titles_title":"","_seopress_titles_desc":"","_seopress_robots_index":"","_et_pb_use_builder":"","_et_pb_old_content":"","_et_gb_content_width":"","inline_featured_image":false,"footnotes":""},"categories":[14],"tags":[],"class_list":["post-450310","post","type-post","status-publish","format-standard","has-post-thumbnail","hentry","category-vijesti"],"_links":{"self":[{"href":"https:\/\/www.pcnen.com\/portal\/wp-json\/wp\/v2\/posts\/450310","targetHints":{"allow":["GET"]}}],"collection":[{"href":"https:\/\/www.pcnen.com\/portal\/wp-json\/wp\/v2\/posts"}],"about":[{"href":"https:\/\/www.pcnen.com\/portal\/wp-json\/wp\/v2\/types\/post"}],"author":[{"embeddable":true,"href":"https:\/\/www.pcnen.com\/portal\/wp-json\/wp\/v2\/users\/1"}],"replies":[{"embeddable":true,"href":"https:\/\/www.pcnen.com\/portal\/wp-json\/wp\/v2\/comments?post=450310"}],"version-history":[{"count":1,"href":"https:\/\/www.pcnen.com\/portal\/wp-json\/wp\/v2\/posts\/450310\/revisions"}],"predecessor-version":[{"id":450313,"href":"https:\/\/www.pcnen.com\/portal\/wp-json\/wp\/v2\/posts\/450310\/revisions\/450313"}],"wp:featuredmedia":[{"embeddable":true,"href":"https:\/\/www.pcnen.com\/portal\/wp-json\/wp\/v2\/media\/335084"}],"wp:attachment":[{"href":"https:\/\/www.pcnen.com\/portal\/wp-json\/wp\/v2\/media?parent=450310"}],"wp:term":[{"taxonomy":"category","embeddable":true,"href":"https:\/\/www.pcnen.com\/portal\/wp-json\/wp\/v2\/categories?post=450310"},{"taxonomy":"post_tag","embeddable":true,"href":"https:\/\/www.pcnen.com\/portal\/wp-json\/wp\/v2\/tags?post=450310"}],"curies":[{"name":"wp","href":"https:\/\/api.w.org\/{rel}","templated":true}]}}