{"id":450295,"date":"2026-02-01T15:43:09","date_gmt":"2026-02-01T14:43:09","guid":{"rendered":"https:\/\/www.pcnen.com\/portal\/?p=450295"},"modified":"2026-02-01T15:43:39","modified_gmt":"2026-02-01T14:43:39","slug":"sjutra-dvije-vanredne-sjednice-skupstine","status":"publish","type":"post","link":"https:\/\/www.pcnen.com\/portal\/2026\/02\/01\/sjutra-dvije-vanredne-sjednice-skupstine\/","title":{"rendered":"Sjutra dvije vanredne sjednice Skup\u0161tine"},"content":{"rendered":"<p>Predsjednik parlamenta Andrija Mandi\u0107 zakazao je za sjutra dvije vanredne sjednice Skup\u0161tine, na \u010dijem je dnevnom redu skoro 50 predloga zakona.<\/p>\n<p>Na dnevnom redu prve vanredne sjedice su, izme\u0111u ostalih, predlozi izmjena zakona o Ustavnom sudu, o Sudskom savjetu i o Dr\u017eavnom tu\u017eila\u0161tvu.<\/p>\n<p>Poslanici \u0107e na toj sjednici raspravljati i o Predlogu zakona o Agenciji za nacionalnu bezbjednost, kao i o izmjenama zakona o unutra\u0161njim poslovima i o Prijestonici.<\/p>\n<p>Prva vanredna sjednica zakazana je za 11 sati, prenosi Mina.<\/p>\n<p>Na drugoj vanrednoj sjednici, koja je zakazana za 12 sati, poslanici \u0107e se, izme\u0111u ostalog, izja\u0161njavati o dopuni zakona o zaradama zaposlenih u javnom sektoru, kao i o izmjenama zakona o op\u0161tem obrazovanju i o socijalnom stanovanju.<\/p>\n","protected":false},"excerpt":{"rendered":"<p>Predsjednik parlamenta Andrija Mandi\u0107 zakazao je za sjutra dvije vanredne sjednice Skup\u0161tine, na \u010dijem je dnevnom redu skoro 50 predloga zakona.<\/p>\n","protected":false},"author":1,"featured_media":416074,"comment_status":"open","ping_status":"closed","sticky":false,"template":"","format":"standard","meta":{"_seopress_robots_primary_cat":"none","_seopress_titles_title":"","_seopress_titles_desc":"","_seopress_robots_index":"","_et_pb_use_builder":"","_et_pb_old_content":"","_et_gb_content_width":"","inline_featured_image":false,"footnotes":""},"categories":[14],"tags":[],"class_list":["post-450295","post","type-post","status-publish","format-standard","has-post-thumbnail","hentry","category-vijesti"],"_links":{"self":[{"href":"https:\/\/www.pcnen.com\/portal\/wp-json\/wp\/v2\/posts\/450295","targetHints":{"allow":["GET"]}}],"collection":[{"href":"https:\/\/www.pcnen.com\/portal\/wp-json\/wp\/v2\/posts"}],"about":[{"href":"https:\/\/www.pcnen.com\/portal\/wp-json\/wp\/v2\/types\/post"}],"author":[{"embeddable":true,"href":"https:\/\/www.pcnen.com\/portal\/wp-json\/wp\/v2\/users\/1"}],"replies":[{"embeddable":true,"href":"https:\/\/www.pcnen.com\/portal\/wp-json\/wp\/v2\/comments?post=450295"}],"version-history":[{"count":2,"href":"https:\/\/www.pcnen.com\/portal\/wp-json\/wp\/v2\/posts\/450295\/revisions"}],"predecessor-version":[{"id":450299,"href":"https:\/\/www.pcnen.com\/portal\/wp-json\/wp\/v2\/posts\/450295\/revisions\/450299"}],"wp:featuredmedia":[{"embeddable":true,"href":"https:\/\/www.pcnen.com\/portal\/wp-json\/wp\/v2\/media\/416074"}],"wp:attachment":[{"href":"https:\/\/www.pcnen.com\/portal\/wp-json\/wp\/v2\/media?parent=450295"}],"wp:term":[{"taxonomy":"category","embeddable":true,"href":"https:\/\/www.pcnen.com\/portal\/wp-json\/wp\/v2\/categories?post=450295"},{"taxonomy":"post_tag","embeddable":true,"href":"https:\/\/www.pcnen.com\/portal\/wp-json\/wp\/v2\/tags?post=450295"}],"curies":[{"name":"wp","href":"https:\/\/api.w.org\/{rel}","templated":true}]}}