{"id":450264,"date":"2026-02-01T09:38:45","date_gmt":"2026-02-01T08:38:45","guid":{"rendered":"https:\/\/www.pcnen.com\/portal\/?p=450264"},"modified":"2026-02-01T09:54:43","modified_gmt":"2026-02-01T08:54:43","slug":"ljevicarski-protest-u-torinu-prerastao-u-zestok-okrsaj-sa-policijom-video","status":"publish","type":"post","link":"https:\/\/www.pcnen.com\/portal\/2026\/02\/01\/ljevicarski-protest-u-torinu-prerastao-u-zestok-okrsaj-sa-policijom-video\/","title":{"rendered":"Ljevi\u010darski protest u Torinu prerastao u \u017eestok okr\u0161aj sa policijom (video)"},"content":{"rendered":"<p>Veliki nemiri izbili su sino\u0107 tokom protesta protiv zatvaranja ljevi\u010darskog kulturnog centra u Torinu na sjeveru Italije. Prema podacima televizije RAI, povrije\u0111en je 31 policajac u sukobima policije i demonstranata, od kojih su neki bili maskirani. Uhap\u0161eno je deset osoba, prenosi portal CdM.<\/p>\n<p>Jo\u0161 nema informacija o tome koliko je demonstranata povrije\u0111eno. Protesti su odr\u017eani zbog zatvaranja, neposredno pred Bo\u017ei\u0107, kulturnog centra Askatasuna, koji je decenijama bio mjesto okupljanja torinske ljevi\u010darske scene.<\/p>\n<p>Italijanska premijer\u0111a \u0110or\u0111a Meloni je na platformi X objavila video koji prikazuje obra\u010dun protestanata sa policijom.<\/p>\n<div>\n<p><span class=\"css-1jxf684 r-bcqeeo r-1ttztb7 r-qvutc0 r-poiln3\"><span class=\"css-1jxf684 r-bcqeeo r-1ttztb7 r-qvutc0 r-poiln3 r-1x3r274\">Prema <\/span><span class=\"css-1jxf684 r-bcqeeo r-1ttztb7 r-qvutc0 r-poiln3 r-1x3r274\">organizatorima, na protestnom mar\u0161u je bilo 50.000 ljudi, dok policija i mediji procjenjuju da je bilo od 15 do 20 hiljada i da su do\u0161li iz cijele Italije, Francuske i drugih zemalja.<\/span><\/span><\/p>\n<p><span class=\"css-1jxf684 r-bcqeeo r-1ttztb7 r-qvutc0 r-poiln3\"><span class=\"css-1jxf684 r-bcqeeo r-1ttztb7 r-qvutc0 r-poiln3 r-1x3r274\">Prvi dio protesta je bio uglavnom miran \u2013 mar\u0161 protiv vlade, represije nad socijalnim centrima, protiv naoru\u017eavanja i za podr\u0161ku palestinskoj stvari. Ka<\/span><\/span><span class=\"css-1jxf684 r-bcqeeo r-1ttztb7 r-qvutc0 r-poiln3\"><span class=\"css-1jxf684 r-bcqeeo r-1ttztb7 r-qvutc0 r-poiln3 r-1x3r274\">snije popodne\/ve\u010de dio demonstranata (<\/span><span class=\"css-1jxf684 r-bcqeeo r-1ttztb7 r-qvutc0 r-poiln3 r-1x3r274\">procjenjuje se nekoliko stotina njih) odvojio se i krenuo u <\/span><span class=\"css-1jxf684 r-bcqeeo r-1ttztb7 r-qvutc0 r-poiln3 r-b88u0q r-1x3r274\"><span class=\"css-1jxf684 r-bcqeeo r-1ttztb7 r-qvutc0 r-poiln3 r-1x3r274\">nasilne sukob.<\/span><\/span><\/span><\/p>\n<div>Napadnuta je i ekipa novinara RAI.<\/div>\n<\/div>\n<blockquote class=\"twitter-tweet\">\n<p dir=\"ltr\" lang=\"it\">Quanto accaduto oggi a Torino, durante il corteo degli antagonisti contro lo sgombero dello stabile Askatasuna, \u00e8 grave e inaccettabile.<\/p>\n<p>Uno sgombero legittimo di un immobile occupato illegalmente \u00e8 stato usato come pretesto per scatenare violenze, incendi, lanci di bombe carta\u2026 <a href=\"https:\/\/t.co\/AtVLzMVxfD\">pic.twitter.com\/AtVLzMVxfD<\/a><\/p>\n<p>\u2014 Giorgia Meloni (@GiorgiaMeloni) <a href=\"https:\/\/twitter.com\/GiorgiaMeloni\/status\/2017685392703819781?ref_src=twsrc%5Etfw\">January 31, 2026<\/a><\/p><\/blockquote>\n<p><script async src=\"https:\/\/platform.twitter.com\/widgets.js\" charset=\"utf-8\"><\/script><\/p>\n","protected":false},"excerpt":{"rendered":"<p>Veliki nemiri izbili su sino\u0107 tokom protesta protiv zatvaranja ljevi\u010darskog kulturnog centra u Torinu na sjeveru Italije<\/p>\n","protected":false},"author":1,"featured_media":450267,"comment_status":"open","ping_status":"closed","sticky":false,"template":"","format":"standard","meta":{"_seopress_robots_primary_cat":"none","_seopress_titles_title":"","_seopress_titles_desc":"","_seopress_robots_index":"","_et_pb_use_builder":"","_et_pb_old_content":"","_et_gb_content_width":"","inline_featured_image":false,"footnotes":""},"categories":[14],"tags":[],"class_list":["post-450264","post","type-post","status-publish","format-standard","has-post-thumbnail","hentry","category-vijesti"],"_links":{"self":[{"href":"https:\/\/www.pcnen.com\/portal\/wp-json\/wp\/v2\/posts\/450264","targetHints":{"allow":["GET"]}}],"collection":[{"href":"https:\/\/www.pcnen.com\/portal\/wp-json\/wp\/v2\/posts"}],"about":[{"href":"https:\/\/www.pcnen.com\/portal\/wp-json\/wp\/v2\/types\/post"}],"author":[{"embeddable":true,"href":"https:\/\/www.pcnen.com\/portal\/wp-json\/wp\/v2\/users\/1"}],"replies":[{"embeddable":true,"href":"https:\/\/www.pcnen.com\/portal\/wp-json\/wp\/v2\/comments?post=450264"}],"version-history":[{"count":4,"href":"https:\/\/www.pcnen.com\/portal\/wp-json\/wp\/v2\/posts\/450264\/revisions"}],"predecessor-version":[{"id":450271,"href":"https:\/\/www.pcnen.com\/portal\/wp-json\/wp\/v2\/posts\/450264\/revisions\/450271"}],"wp:featuredmedia":[{"embeddable":true,"href":"https:\/\/www.pcnen.com\/portal\/wp-json\/wp\/v2\/media\/450267"}],"wp:attachment":[{"href":"https:\/\/www.pcnen.com\/portal\/wp-json\/wp\/v2\/media?parent=450264"}],"wp:term":[{"taxonomy":"category","embeddable":true,"href":"https:\/\/www.pcnen.com\/portal\/wp-json\/wp\/v2\/categories?post=450264"},{"taxonomy":"post_tag","embeddable":true,"href":"https:\/\/www.pcnen.com\/portal\/wp-json\/wp\/v2\/tags?post=450264"}],"curies":[{"name":"wp","href":"https:\/\/api.w.org\/{rel}","templated":true}]}}