{"id":450235,"date":"2026-01-31T20:55:31","date_gmt":"2026-01-31T19:55:31","guid":{"rendered":"https:\/\/www.pcnen.com\/portal\/?p=450235"},"modified":"2026-01-31T20:55:31","modified_gmt":"2026-01-31T19:55:31","slug":"djukanovic-nijesam-poznavao-epstina-niti-komunicirao-sa-njim","status":"publish","type":"post","link":"https:\/\/www.pcnen.com\/portal\/2026\/01\/31\/djukanovic-nijesam-poznavao-epstina-niti-komunicirao-sa-njim\/","title":{"rendered":"\u0110ukanovi\u0107: Nijesam poznavao Epstina niti komunicirao sa njim"},"content":{"rendered":"<p>Biv\u0161i predsjednik i premijer Crne Gore Milo \u0110ukanovi\u0107 je na dru\u0161tvenoj mre\u017ei X zanijekao da je poznavao D\u017eefrija Epstina i da sa njim nikad nije komunicirao neposredno ili posredno.<\/p>\n<p>&#8220;Zato, razumljivo ne mogu svjedo\u010diti o vjerodostojnosti objavljenih Epstinovih razgovora, niti o njegovim eventualnim posjetama Crnoj Gori. Posebno \u017ealim \u0161to ne mogu iza\u0107i u susret o\u010dekivanju pojedinih medijskih poslenika da odgovorim na pitanje kako je Epstin do\u0161ao do zaklju\u010dka da je &#8216;g-din \u00d0ukanovi\u0107 sjajan lik&#8217;. Preporu\u010dujem im da, ako ga gdje sretnu prije mene, to obavezno provjere i da o njegovom stavu obavijeste javnost&#8221;, napisao je \u0110ukanovi\u0107.<\/p>\n<p>Nakon objave najnovijih dokumenata koji se ti\u010du pokojnog ameri\u010dkog seksualnog prestupnika, \u0110uanovi\u010d\u0107evo ime se pojavilo u komunikaciji Epstina i slova\u010dkog diplomate Milana Laj\u010daka, koji je zbog toga podnio ostavku na du\u017enost savjetnika slova\u010dkog premijera Roberta Fika.<\/p>\n<blockquote class=\"twitter-tweet\">\n<p dir=\"ltr\" lang=\"und\">Na u\u010destalo interesovanje predstavnika medija povodom objave komunikacija pokojnog D\u017eefrija Epstina obavje\u0161tavam da Epstina nijesam poznavao, niti sam sa njim ikad obavio neposrednu ili posrednu komunikaciju.<\/p>\n<p>Zato, razumljivo ne mogu svjedo\u010diti o vjerodostojnosti objavljenih\u2026<\/p>\n<p>\u2014 Milo \u0110ukanovi\u0107 (@DjukanovicCG) <a href=\"https:\/\/twitter.com\/DjukanovicCG\/status\/2017676058741658074?ref_src=twsrc%5Etfw\">January 31, 2026<\/a><\/p><\/blockquote>\n<p><script async src=\"https:\/\/platform.twitter.com\/widgets.js\" charset=\"utf-8\"><\/script><\/p>\n","protected":false},"excerpt":{"rendered":"<p>Biv\u0161i predsjednik i premijer Crne Gore Milo \u0110ukanovi\u0107 je na dru\u0161tvenoj mre\u017ei X zanijekao da je poznavao D\u017eefrija Epstina i da sa njim nikad nije komunicirao neposredno ili posredno<\/p>\n","protected":false},"author":1,"featured_media":312157,"comment_status":"open","ping_status":"closed","sticky":false,"template":"","format":"standard","meta":{"_seopress_robots_primary_cat":"none","_seopress_titles_title":"","_seopress_titles_desc":"","_seopress_robots_index":"","_et_pb_use_builder":"","_et_pb_old_content":"","_et_gb_content_width":"","inline_featured_image":false,"footnotes":""},"categories":[14],"tags":[],"class_list":["post-450235","post","type-post","status-publish","format-standard","has-post-thumbnail","hentry","category-vijesti"],"_links":{"self":[{"href":"https:\/\/www.pcnen.com\/portal\/wp-json\/wp\/v2\/posts\/450235","targetHints":{"allow":["GET"]}}],"collection":[{"href":"https:\/\/www.pcnen.com\/portal\/wp-json\/wp\/v2\/posts"}],"about":[{"href":"https:\/\/www.pcnen.com\/portal\/wp-json\/wp\/v2\/types\/post"}],"author":[{"embeddable":true,"href":"https:\/\/www.pcnen.com\/portal\/wp-json\/wp\/v2\/users\/1"}],"replies":[{"embeddable":true,"href":"https:\/\/www.pcnen.com\/portal\/wp-json\/wp\/v2\/comments?post=450235"}],"version-history":[{"count":1,"href":"https:\/\/www.pcnen.com\/portal\/wp-json\/wp\/v2\/posts\/450235\/revisions"}],"predecessor-version":[{"id":450238,"href":"https:\/\/www.pcnen.com\/portal\/wp-json\/wp\/v2\/posts\/450235\/revisions\/450238"}],"wp:featuredmedia":[{"embeddable":true,"href":"https:\/\/www.pcnen.com\/portal\/wp-json\/wp\/v2\/media\/312157"}],"wp:attachment":[{"href":"https:\/\/www.pcnen.com\/portal\/wp-json\/wp\/v2\/media?parent=450235"}],"wp:term":[{"taxonomy":"category","embeddable":true,"href":"https:\/\/www.pcnen.com\/portal\/wp-json\/wp\/v2\/categories?post=450235"},{"taxonomy":"post_tag","embeddable":true,"href":"https:\/\/www.pcnen.com\/portal\/wp-json\/wp\/v2\/tags?post=450235"}],"curies":[{"name":"wp","href":"https:\/\/api.w.org\/{rel}","templated":true}]}}