{"id":450216,"date":"2026-01-31T17:40:29","date_gmt":"2026-01-31T16:40:29","guid":{"rendered":"https:\/\/www.pcnen.com\/portal\/?p=450216"},"modified":"2026-01-31T17:40:29","modified_gmt":"2026-01-31T16:40:29","slug":"teolozi-pantelic-i-milicevic-trajno-iskljuceni-iz-spc","status":"publish","type":"post","link":"https:\/\/www.pcnen.com\/portal\/2026\/01\/31\/teolozi-pantelic-i-milicevic-trajno-iskljuceni-iz-spc\/","title":{"rendered":"Teolozi Panteli\u0107 i Mili\u0107evi\u0107 trajno isklju\u010deni iz SPC"},"content":{"rendered":"<p>Odlukom Crkvenog suda Arhiepiskopije beogradsko-karlova\u010dke iz crkvene zajednice SPC isklju\u010deni su trajno teolozi Blagoje Panteli\u0107 i Vuka\u0161in Mili\u0107evi\u0107.<\/p>\n<p>&#8220;Veoma sam po\u010dastvovan visokim priznanjem koje mi je svojom odlukom u\u010dinio Crkveni sud Arhiepiskopije beogradsko-karlova\u010dke i njegov predsednik, patrijarh srpski gospodin Porfirije\u201c, rekao je Mili\u0107evi\u0107 za Vreme.<\/p>\n<p>\u201eObe\u0107avam da \u0107u se i ubudu\u0107e truditi da opravdam poverenje koje su mi ovom svojom odlukom ukazali i da \u0107u i dalje, gde god i kada god mi se za to uka\u017ee prilika, izobli\u010davati i ukazivati na licemerje aktuelnog vrha SPC, njihove jeresi i sramotne postupke kojima su naneli i nanose neizmernu \u0161tetu crkvi koju su, u saradnji sa mafija\u0161kim re\u017eimom, u potpunosti uzurpirali i pot\u010dinili je da slu\u017ei njegovim zlo\u010dina\u010dkim i ratnohu\u0161ka\u010dkim ciljevima.\u201c<\/p>\n<p>Blagoje Panteli\u0107 je napisao na dru\u0161tvenim mre\u017eama da \u0107e se sigurno \u017ealiti vi\u0161oj crkvenoj instanci.<\/p>\n<blockquote class=\"twitter-tweet\">\n<p dir=\"ltr\" lang=\"sr\">\u041f\u0430\u0442\u0440. \u041f\u043e\u0440\u0444\u0438\u0440\u0438\u0458\u0435 \u043c\u0435 \u043a\u043e\u043d\u0430\u0447\u043d\u043e (sic!) \u0438\u0441\u043a\u0459\u0443\u0447\u0438\u043e \u0438\u0437 \u0446\u0440\u043a\u0432\u0435\u043d\u0435 \u0437\u0430\u0458\u0435\u0434\u043d\u0438\u0446\u0435.<br \/>\n\u041d\u0430\u0440\u0430\u0432\u043d\u043e, \u0436\u0430\u043b\u0438\u045b\u0443 \u0441\u0435 \u0412\u0435\u043b\u0438\u043a\u043e\u043c \u0446\u0440\u043a\u0432\u0435\u043d\u043e\u043c \u0441\u0443\u0434\u0443.<br \/>\n\u0414\u0440\u0430\u0433\u043e \u043c\u0438 \u0458\u0435 \u0434\u0430 \u0441\u0443 \u0441\u0435\u0434\u043d\u0438\u0446\u0443 \u0437\u0430\u0432\u0440\u0448\u0438\u043b\u0438 \u043c\u043e\u043b\u0438\u0442\u0432\u043e\u043c. <a href=\"https:\/\/t.co\/3fy8Brxo0I\">https:\/\/t.co\/3fy8Brxo0I<\/a> <a href=\"https:\/\/t.co\/nNqCnipT1A\">pic.twitter.com\/nNqCnipT1A<\/a><\/p>\n<p>\u2014 Blagoje Pantelic (@blagojepantelic) <a href=\"https:\/\/twitter.com\/blagojepantelic\/status\/2017536322030719369?ref_src=twsrc%5Etfw\">January 31, 2026<\/a><\/p><\/blockquote>\n<p><script async src=\"https:\/\/platform.twitter.com\/widgets.js\" charset=\"utf-8\"><\/script><\/p>\n","protected":false},"excerpt":{"rendered":"<p>&#8220;Veoma sam po\u010dastvovan visokim priznanjem koje mi je svojom odlukom u\u010dinio Crkveni sud Arhiepiskopije beogradsko-karlova\u010dke i njegov predsednik, patrijarh srpski gospodin Porfirije\u201c, rekao je Mili\u0107evi\u0107 za Vreme<\/p>\n","protected":false},"author":1,"featured_media":409414,"comment_status":"open","ping_status":"closed","sticky":false,"template":"","format":"standard","meta":{"_seopress_robots_primary_cat":"none","_seopress_titles_title":"","_seopress_titles_desc":"","_seopress_robots_index":"","_et_pb_use_builder":"","_et_pb_old_content":"","_et_gb_content_width":"","inline_featured_image":false,"footnotes":""},"categories":[14],"tags":[],"class_list":["post-450216","post","type-post","status-publish","format-standard","has-post-thumbnail","hentry","category-vijesti"],"_links":{"self":[{"href":"https:\/\/www.pcnen.com\/portal\/wp-json\/wp\/v2\/posts\/450216","targetHints":{"allow":["GET"]}}],"collection":[{"href":"https:\/\/www.pcnen.com\/portal\/wp-json\/wp\/v2\/posts"}],"about":[{"href":"https:\/\/www.pcnen.com\/portal\/wp-json\/wp\/v2\/types\/post"}],"author":[{"embeddable":true,"href":"https:\/\/www.pcnen.com\/portal\/wp-json\/wp\/v2\/users\/1"}],"replies":[{"embeddable":true,"href":"https:\/\/www.pcnen.com\/portal\/wp-json\/wp\/v2\/comments?post=450216"}],"version-history":[{"count":2,"href":"https:\/\/www.pcnen.com\/portal\/wp-json\/wp\/v2\/posts\/450216\/revisions"}],"predecessor-version":[{"id":450220,"href":"https:\/\/www.pcnen.com\/portal\/wp-json\/wp\/v2\/posts\/450216\/revisions\/450220"}],"wp:featuredmedia":[{"embeddable":true,"href":"https:\/\/www.pcnen.com\/portal\/wp-json\/wp\/v2\/media\/409414"}],"wp:attachment":[{"href":"https:\/\/www.pcnen.com\/portal\/wp-json\/wp\/v2\/media?parent=450216"}],"wp:term":[{"taxonomy":"category","embeddable":true,"href":"https:\/\/www.pcnen.com\/portal\/wp-json\/wp\/v2\/categories?post=450216"},{"taxonomy":"post_tag","embeddable":true,"href":"https:\/\/www.pcnen.com\/portal\/wp-json\/wp\/v2\/tags?post=450216"}],"curies":[{"name":"wp","href":"https:\/\/api.w.org\/{rel}","templated":true}]}}