{"id":450212,"date":"2026-01-31T17:19:33","date_gmt":"2026-01-31T16:19:33","guid":{"rendered":"https:\/\/www.pcnen.com\/portal\/?p=450212"},"modified":"2026-01-31T17:19:33","modified_gmt":"2026-01-31T16:19:33","slug":"sdt-trazi-pritvor-za-vesnu-medenicu","status":"publish","type":"post","link":"https:\/\/www.pcnen.com\/portal\/2026\/01\/31\/sdt-trazi-pritvor-za-vesnu-medenicu\/","title":{"rendered":"SDT tra\u017ei pritvor za Vesnu Medenicu"},"content":{"rendered":"<p>Specijalno dr\u017eavno tu\u017eila\u0161tvo je zatra\u017eilo da se Vesni Medenici odredi pritvor, nakon \u0161to je u srijedu presudom Vi\u0161eg suda osu\u0111ena na deset godina zatvora zbog protivpravnog uticaja na kolege sudije.<\/p>\n<p>Nakon izricanja prvostepene presude, Medenici su odre\u0111ene mjere nadzora \u2013 zabrana napu\u0161tanja Kola\u0161ina i oduzimanje putne isprave. Me\u0111utim, SDT je ulo\u017eilo \u017ealbu na odluku Vi\u0161eg suda, smatraju\u0107i da te mjere nijesu dovoljne, pi\u0161e Pobjeda.<\/p>\n<p>Milo\u0161 Medenica, sin nepravosna\u017eno osu\u0111ene biv\u0161e predsjednice Vrhovnog suda, je pobjegao i za njim je raspisana me\u0111unarodna potjernica. Milo\u0161 je tako\u0111e nepravosna\u017eno osu\u0111en na desetogodi\u0161nju robiju.<\/p>\n<blockquote class=\"wp-embedded-content\" data-secret=\"Vohuz6p6pk\"><p><a href=\"https:\/\/www.pcnen.com\/portal\/2026\/01\/28\/vesna-i-milos-medenica-osudjeni-na-po-10-godina-robije\/\">Vesna i Milo\u0161 Medenica osu\u0111eni na po 10 godina robije<\/a><\/p><\/blockquote>\n<p><iframe loading=\"lazy\" class=\"wp-embedded-content\" sandbox=\"allow-scripts\" security=\"restricted\" style=\"position: absolute; visibility: hidden;\" title=\"&#8220;Vesna i Milo\u0161 Medenica osu\u0111eni na po 10 godina robije&#8221; &#8212; PCNEN\" src=\"https:\/\/www.pcnen.com\/portal\/2026\/01\/28\/vesna-i-milos-medenica-osudjeni-na-po-10-godina-robije\/embed\/#?secret=skPXM3051V#?secret=Vohuz6p6pk\" data-secret=\"Vohuz6p6pk\" width=\"600\" height=\"338\" frameborder=\"0\" marginwidth=\"0\" marginheight=\"0\" scrolling=\"no\"><\/iframe><\/p>\n<p>&nbsp;<\/p>\n","protected":false},"excerpt":{"rendered":"<p>Specijalno dr\u017eavno tu\u017eila\u0161tvo je zatra\u017eilo da se Vesni Medenici odredi pritvor, nakon \u0161to je u srijedu presudom Vi\u0161eg suda osu\u0111ena na deset godina zatvora zbog protivpravnog uticaja na kolege sudije<\/p>\n","protected":false},"author":1,"featured_media":343339,"comment_status":"open","ping_status":"closed","sticky":false,"template":"","format":"standard","meta":{"_seopress_robots_primary_cat":"none","_seopress_titles_title":"","_seopress_titles_desc":"","_seopress_robots_index":"","_et_pb_use_builder":"","_et_pb_old_content":"","_et_gb_content_width":"","inline_featured_image":false,"footnotes":""},"categories":[14],"tags":[],"class_list":["post-450212","post","type-post","status-publish","format-standard","has-post-thumbnail","hentry","category-vijesti"],"_links":{"self":[{"href":"https:\/\/www.pcnen.com\/portal\/wp-json\/wp\/v2\/posts\/450212","targetHints":{"allow":["GET"]}}],"collection":[{"href":"https:\/\/www.pcnen.com\/portal\/wp-json\/wp\/v2\/posts"}],"about":[{"href":"https:\/\/www.pcnen.com\/portal\/wp-json\/wp\/v2\/types\/post"}],"author":[{"embeddable":true,"href":"https:\/\/www.pcnen.com\/portal\/wp-json\/wp\/v2\/users\/1"}],"replies":[{"embeddable":true,"href":"https:\/\/www.pcnen.com\/portal\/wp-json\/wp\/v2\/comments?post=450212"}],"version-history":[{"count":1,"href":"https:\/\/www.pcnen.com\/portal\/wp-json\/wp\/v2\/posts\/450212\/revisions"}],"predecessor-version":[{"id":450215,"href":"https:\/\/www.pcnen.com\/portal\/wp-json\/wp\/v2\/posts\/450212\/revisions\/450215"}],"wp:featuredmedia":[{"embeddable":true,"href":"https:\/\/www.pcnen.com\/portal\/wp-json\/wp\/v2\/media\/343339"}],"wp:attachment":[{"href":"https:\/\/www.pcnen.com\/portal\/wp-json\/wp\/v2\/media?parent=450212"}],"wp:term":[{"taxonomy":"category","embeddable":true,"href":"https:\/\/www.pcnen.com\/portal\/wp-json\/wp\/v2\/categories?post=450212"},{"taxonomy":"post_tag","embeddable":true,"href":"https:\/\/www.pcnen.com\/portal\/wp-json\/wp\/v2\/tags?post=450212"}],"curies":[{"name":"wp","href":"https:\/\/api.w.org\/{rel}","templated":true}]}}