{"id":450207,"date":"2026-01-31T17:11:24","date_gmt":"2026-01-31T16:11:24","guid":{"rendered":"https:\/\/www.pcnen.com\/portal\/?p=450207"},"modified":"2026-01-31T17:11:24","modified_gmt":"2026-01-31T16:11:24","slug":"dokumentarac-planina-nagradjen-na-sandens-film-festivalu","status":"publish","type":"post","link":"https:\/\/www.pcnen.com\/portal\/2026\/01\/31\/dokumentarac-planina-nagradjen-na-sandens-film-festivalu\/","title":{"rendered":"Dokumentarac &#8216;Planina&#8217; nagra\u0111en na Sandens Film Festivalu"},"content":{"rendered":"<blockquote><p><strong>Javlja: Filmski centar CG<\/strong><\/p><\/blockquote>\n<p>Crnogorski dokumentarni film \u201ePlanina\u201c (To Hold a Mountain) reditelja Biljane Tutorov i Petra Glomazi\u0107a dobitnik je Velike nagrade \u017eirija za najbolji me\u0111unarodni dokumentarni film (The World Cinema Grand Jury Prize) na Sandens Film Festivalu (Sundance Film Festival). Film je nastao uz podr\u0161ku Filmskog centra Crne Gore.<\/p>\n<p>U obrazlo\u017eenju \u017eirija, koji su \u010dinili Toni Kamau, Bao Nguen i Kirsten \u0160afer, navodi se: \u201eOvaj vizuelno i emotivno zadivljuju\u0107i film prenio nas je na zaba\u010deni planinski vrh i u najintimnije trenutke jedne porodice koja se bori da za\u0161titi ne samo svoju zemlju, ve\u0107 i svoj na\u010din \u017eivota. Najistinitiji primjer mo\u0107i filma da li\u010dno u\u010dini politi\u010dkim.\u201c<\/p>\n<p>Povodom nagrade, rediteljka Biljana Tutorov izjavila je da je presre\u0107na \u0161to je ova sedmogodi\u0161nja avantura krunisana tako velikom nagradom.<\/p>\n<p>\u201ePosebno mi je drago da su i programeri i publika i \u017eiri prepoznali da ljubav mo\u017ee biti mo\u0107no politi\u010dko sredstvo\u201c, istakla je Tutorov.<\/p>\n<p>Reditelj Petar Glomazi\u0107 naglasio je da je ve\u0107 sama selekcija filma u takmi\u010darsku konkurenciju \u201eWorld Cinema Documentary Competition\u201c bila ogromno postignu\u0107e, te da o nagradi nijesu ni razmi\u0161ljali.<\/p>\n<p>\u201ePosebno sam ponosan \u0161to se ovim filmom Crna Gora predstavila svijetu kroz \u017eene. Potisnute i gurnute u sjenku, \u017eene su pam\u0107ene samo kao bezimene majke koje su ra\u0111ale heroje. Uistinu, mislim da su one uvijek bile istinski heroji na\u0161eg dru\u0161tva i ovu nagradu posve\u0107ujemo njima\u201c, poru\u010dio je Glomazi\u0107.<\/p>\n<p>Film \u201ePlanina\u201c imao je svjetsku premijeru uz gromoglasan aplauz i ovacije publike, a premijeri su prisustvovali reditelji Biljana Tutorov i Petar Glomazi\u0107, direktorka fotografije Eva Kraljevi\u0107, monta\u017eer \u017dor\u017e Kreg, kompozitor Dra\u0161ko Ad\u017ei\u0107, francuski koproducent Kventin Loran, kao i protagonistkinje Mileva Gara Jovanovi\u0107 i Nada Stani\u0161i\u0107.<\/p>\n<p>Mileva Gara Jovanovi\u0107, jedna od protagonistkinja filma, izjavila je povodom premijere da je presre\u0107na \u0161to su Sinjajevinu donijeli u Ameriku.<\/p>\n<p>\u201eTo \u0161to sam ovdje do\u017eivjela mislila sam da nikad ne\u0107u. Mislim da jo\u0161 sanjam da sam preletjela okean i da gledam Sinjajevinu, i cio moj \u017eivot sa\u017eet u dva sata i da to svi razumiju. To mogu samo umjetnici. Nijesam mogla da o\u010dekujem ovakvu reakciju ljudi sa drugoga kontinenta. Da im idu suze koliko im je film probudio emocija\u201c, rekla je Jovanovi\u0107.<\/p>\n<p>Nada Stani\u0161i\u0107, druga protagonistkinja, nakon premijernog prikazivanja izrazila je zadovoljstvo reakcijama publike.<\/p>\n<p>\u201eOvo je jedno veliko, novo iskustvo. Sre\u0107na sam \u0161to sam ovdje i \u0161to ljudi dobro reaguju na film, i \u0161to im se svi\u0111a. To je na mene ostavilo ba\u0161 veliki utisak\u201c, zaklju\u010dila je Stani\u0161i\u0107.<\/p>\n<p>Autorsku ekipu filma \u010dine scenaristi i reditelji Biljana Tutorov i Petar Glomazi\u0107, direktorka fotografije Eva Kraljevi\u0107, monta\u017eer \u017dor\u017e Kreg (George Cragg), autor originalne muzike Dra\u0161ko Ad\u017ei\u0107, dizajneri zvuka Julij Zornik i Samo Jurca, dok je za kolor korekciju bio zadu\u017een Emil Svetlik. Producentkinja filma je Biljana Tutorov, izvr\u0161ne producentkinje Megan Gel\u0161tajn (Megan Gelstein), D\u017ein Cjen (Jean Tsien), Petra Costa (Petra Kosta), Andrea Medi\u010d (Andrea Meditch) i Bianca Oana, kao i producenti Petar Glomazi\u0107, Kentin Loran (Quentin Laurent) i Rok Bi\u010dek, koproducentkinja Dijana Cetina Mla\u0111enovi\u0107 i pridru\u017eeni producent Veli\u0161a Popovi\u0107.<\/p>\n<p>Glavne protagonistinje u filmu su Mileva Gara Jovanovi\u0107 i Nada Stani\u0161i\u0107, a tu su i Rajka Radonji\u0107, Ljiljana \u0160aranovi\u0107 i drugi.<\/p>\n<p>Film je sniman na planini Sinjajevini na sjeveru Crne Gore, na lokaciji katuna Okrugljak i \u0161iroj okolini, u periodu od sedam godina (od 2018. do 2025). Producent u Crnoj Gori je Petar Glomazi\u0107 za Ardor Films, a pridru\u017eeni producent je Veli\u0161a Popovi\u0107 za CUT-UP.<\/p>\n<p>U sinopsisu filma stoji: na udaljenim visovima Sinjajevine, najve\u0107em pa\u0161nja\u010dkom podru\u010dju na Balkanu, majka i \u0107erka ponosno brane svoju planinu i nomadsku sto\u010darsku tradiciju od formiranja vojnog poligona NATO-a. Majku i \u0107erku povezuje nesvakida\u0161nja ljubav, ali i gorke uspomene. U septembru 2019. odr\u017eana je prva me\u0111unarodna vojna vje\u017eba na Sinjajevini. Zapo\u010deti su vojni manevri u srcu pa\u0161njaka, bez ikakve prethodne konsultacije sa sto\u010darskim zajednicama koje ovaj pa\u0161njak koriste vjekovima. Gara (59), majka \u0161estoro djece, predvodnica lokalne zajednice u borbi za za\u0161titu planine, i njena najmla\u0111a \u0107erka Nada (13) vode dvije va\u017ene \u017eivotne bitke \u2013 ekolo\u0161ku, za o\u010duvanje prirode, i li\u010dnu, porodi\u010dnu &#8211; suo\u010davanje sa patrijarhatom i nasiljem nad \u017eenama.<\/p>\n<p>Film je nastao uz podr\u0161ku Filmskog centra Crne Gore, Filmskog centra Srbije, CNC France &#8211; Cin\u00e9ma du Monde, Slovena\u010dkog filmskog centra, Hrvatskog audiovizualnog centra, PACA Fonda regiona Ju\u017ena Francuska, RTV Slovenije, Tax Shelter Belgium programa, InMaat Fondacije, Doc Society Climate Story fonda, Uniqua See Future Fondacije, Catapult Film Fund, Chicken &amp; Egg Films, Diane Weyermann fellowship, IDA Enterprise Grant, kao i Savjeta Evrope i Eurima\u017ea.<\/p>\n","protected":false},"excerpt":{"rendered":"<p>Istorijski uspjeh crnogorskog filma na Sandens Film Festivalu 2026: Film \u201ePlanina\u201c osvojio Veliku nagradu \u017eirija za najbolji me\u0111unarodni dokumentarni film<\/p>\n","protected":false},"author":1,"featured_media":450210,"comment_status":"open","ping_status":"closed","sticky":false,"template":"","format":"standard","meta":{"_seopress_robots_primary_cat":"none","_seopress_titles_title":"","_seopress_titles_desc":"","_seopress_robots_index":"","_et_pb_use_builder":"","_et_pb_old_content":"","_et_gb_content_width":"","inline_featured_image":false,"footnotes":""},"categories":[10],"tags":[],"class_list":["post-450207","post","type-post","status-publish","format-standard","has-post-thumbnail","hentry","category-cuj-vidji-javi"],"_links":{"self":[{"href":"https:\/\/www.pcnen.com\/portal\/wp-json\/wp\/v2\/posts\/450207","targetHints":{"allow":["GET"]}}],"collection":[{"href":"https:\/\/www.pcnen.com\/portal\/wp-json\/wp\/v2\/posts"}],"about":[{"href":"https:\/\/www.pcnen.com\/portal\/wp-json\/wp\/v2\/types\/post"}],"author":[{"embeddable":true,"href":"https:\/\/www.pcnen.com\/portal\/wp-json\/wp\/v2\/users\/1"}],"replies":[{"embeddable":true,"href":"https:\/\/www.pcnen.com\/portal\/wp-json\/wp\/v2\/comments?post=450207"}],"version-history":[{"count":1,"href":"https:\/\/www.pcnen.com\/portal\/wp-json\/wp\/v2\/posts\/450207\/revisions"}],"predecessor-version":[{"id":450211,"href":"https:\/\/www.pcnen.com\/portal\/wp-json\/wp\/v2\/posts\/450207\/revisions\/450211"}],"wp:featuredmedia":[{"embeddable":true,"href":"https:\/\/www.pcnen.com\/portal\/wp-json\/wp\/v2\/media\/450210"}],"wp:attachment":[{"href":"https:\/\/www.pcnen.com\/portal\/wp-json\/wp\/v2\/media?parent=450207"}],"wp:term":[{"taxonomy":"category","embeddable":true,"href":"https:\/\/www.pcnen.com\/portal\/wp-json\/wp\/v2\/categories?post=450207"},{"taxonomy":"post_tag","embeddable":true,"href":"https:\/\/www.pcnen.com\/portal\/wp-json\/wp\/v2\/tags?post=450207"}],"curies":[{"name":"wp","href":"https:\/\/api.w.org\/{rel}","templated":true}]}}