{"id":449889,"date":"2026-01-28T08:27:14","date_gmt":"2026-01-28T07:27:14","guid":{"rendered":"https:\/\/www.pcnen.com\/portal\/?p=449889"},"modified":"2026-01-28T08:27:14","modified_gmt":"2026-01-28T07:27:14","slug":"gledajuci-minneapolis","status":"publish","type":"post","link":"https:\/\/www.pcnen.com\/portal\/2026\/01\/28\/gledajuci-minneapolis\/","title":{"rendered":"Gledaju\u0107i Minneapolis"},"content":{"rendered":"<blockquote><p><strong>Pi\u0161e: Nenad Popovi\u0107<\/strong><\/p><\/blockquote>\n<p>Gledam izvje\u0161taje iz Minneapolisa kako neka savezna para-vojska, nedodirljiva jer je iznad zakona dr\u017eave Minnesote, terorizira grad. Otima ljude, upada u stanove, izvla\u010di iz automobila, \u0161alje ulovljene u sabirne logore koji se zovu \u201ecentri za zadr\u017eavanje\u201c. Te, pred kamerama okupljenog svijeta, usred bijela dana ubija civile, unutar tri tjedna dana ve\u0107 dvoje. Kako se regrutira iz milieua nezaposlenih, ljudi pogo\u0111enih prekarijatom, neuspjelih u svojim zanimanjima, socijalno i psiholo\u0161ki nestabilnih, biv\u0161ih ka\u017enjenika, uli\u010dara i sl., cijela ta trupa kao i njeno mjesto u strukturi parlamentarne demokracije Sjedinjenih Dr\u017eava uspore\u0111uje se s Gestapom iz doba hitlerizma u Njema\u010dkoj. On i Juri\u0161ni odredi, SA, bili su paradoksalna kombinacija dr\u017eavnog i ilegalnog.<\/p>\n<p>Usporedbu tih trupa s Gestapom povla\u010de sami Amerikanci. Struktura nacisti\u010dke vladavine u Njema\u010dkoj pred skoro sto godina tamo je, prema tome, tako dobro poznata da je op\u0107e mjesto. Jedino, malo se brkaju Gestapo, politi\u010dka policija, i SA, Juri\u0161ni odred, kojem su dana\u0161nji para-vojni odredi u Trumpovom SAD-u mnogo sli\u010dniji, po sastavu, uniformama i funkciji. Dok je Gestapo bio formalno politi\u010dka policija za za\u0161titu dr\u017eave (kakvu ima svaka), SA je otvoreno terorizirao dru\u0161tvo i dru\u0161tvene skupine. Zapovjednik ove sad ameri\u010dke para-vojske Gregory Bovino je u tom smislu vrlo precizan. Nosi remen koso preko ko\u0161ulje od ramena do pojasa, insigniju svih insignija SA-a: nacista koji tu\u010de na ulici. Gestapovci su pak bili u civilu, njihov znak bili su dugi ko\u017enati kaputi. No, s Gestapom bit je je pogo\u0111ena. Odredi koji teroriziraju Minneapolis jesu neposredno dr\u017eavni i nose ime kao dr\u017eavne pograni\u010dne snage ICE, dr\u017eava ih slu\u017ebeno financira i njima dirigira.<\/p>\n<p>Munjevito prepoznavanje da se radi o obnovljenom Gestapou na ameri\u010dkom tlu, duguje se ameri\u010dkim intelektualcima. Napisali su \u010ditavo brdo knjiga i studija o nacizmu, pisci k tome brdo romana, i o nacizmu se, gotovo sam siguran, u\u010di u svim srednjim \u0161kolama. Me\u0111utim, gledaju\u0107i gra\u0111anske demonstracije u Minneapolisu, intelektualci se nigdje niti vide niti spominju kao u\u010desnici protesta, govornici, uhap\u0161enici ili sli\u010dno. To je kad jaganjci utihnu, sintagma koja postaje sve zna\u010dajnija a \u201esamo\u201c je naslov filma. Naslov usporediv sa snagom naslova romana \u201eRat i mir\u201c iz 19. stolje\u0107a. Pred samo klanje janjad utihne, a kad je ono u toku, janjad se dere. Intelektualci se ne deru po ulicama Minneapolisa, ne deru se i otimaju, barem ih ja ne vidim ni \u010dujem, gledaju\u0107i Minneapolis. To tamo na licu mjesta ni nije osobito va\u017eno, ali meni kao pojedinost jest. Iz generacije sam, \u201eiz svijeta\u201c, kako se ka\u017ee, \u010diji su heroji Bertha von Suttner, Alfred D\u00f6blin, Marc Bloch, George Orwell, Ognjen Prica i Klaus i Erika Mann. Zalazim u kavanu La R\u00e9sistance, tako re\u0107i njima u \u010dast, a otvorio ju je jedan poznati radijski novinar.<\/p>\n<p><a href=\"https:\/\/forum.tm\/vijesti\/gledajuci-minneapolis-8302\" target=\"_blank\" rel=\"noopener\">forum.tm<\/a><\/p>\n","protected":false},"excerpt":{"rendered":"<p>Munjevito prepoznavanje da se radi o obnovljenom Gestapou na ameri\u010dkom tlu, duguje se ameri\u010dkim intelektualcima&#8230; Me\u0111utim, gledaju\u0107i gra\u0111anske demonstracije u Minneapolisu, intelektualci se nigdje niti vide niti spominju kao u\u010desnici protesta, govornici, uhap\u0161enici ili sli\u010dno<\/p>\n","protected":false},"author":1,"featured_media":449734,"comment_status":"open","ping_status":"closed","sticky":false,"template":"","format":"standard","meta":{"_seopress_robots_primary_cat":"none","_seopress_titles_title":"","_seopress_titles_desc":"","_seopress_robots_index":"","_et_pb_use_builder":"","_et_pb_old_content":"","_et_gb_content_width":"","inline_featured_image":false,"footnotes":""},"categories":[5],"tags":[],"class_list":["post-449889","post","type-post","status-publish","format-standard","has-post-thumbnail","hentry","category-drugi-pisu"],"_links":{"self":[{"href":"https:\/\/www.pcnen.com\/portal\/wp-json\/wp\/v2\/posts\/449889","targetHints":{"allow":["GET"]}}],"collection":[{"href":"https:\/\/www.pcnen.com\/portal\/wp-json\/wp\/v2\/posts"}],"about":[{"href":"https:\/\/www.pcnen.com\/portal\/wp-json\/wp\/v2\/types\/post"}],"author":[{"embeddable":true,"href":"https:\/\/www.pcnen.com\/portal\/wp-json\/wp\/v2\/users\/1"}],"replies":[{"embeddable":true,"href":"https:\/\/www.pcnen.com\/portal\/wp-json\/wp\/v2\/comments?post=449889"}],"version-history":[{"count":1,"href":"https:\/\/www.pcnen.com\/portal\/wp-json\/wp\/v2\/posts\/449889\/revisions"}],"predecessor-version":[{"id":449892,"href":"https:\/\/www.pcnen.com\/portal\/wp-json\/wp\/v2\/posts\/449889\/revisions\/449892"}],"wp:featuredmedia":[{"embeddable":true,"href":"https:\/\/www.pcnen.com\/portal\/wp-json\/wp\/v2\/media\/449734"}],"wp:attachment":[{"href":"https:\/\/www.pcnen.com\/portal\/wp-json\/wp\/v2\/media?parent=449889"}],"wp:term":[{"taxonomy":"category","embeddable":true,"href":"https:\/\/www.pcnen.com\/portal\/wp-json\/wp\/v2\/categories?post=449889"},{"taxonomy":"post_tag","embeddable":true,"href":"https:\/\/www.pcnen.com\/portal\/wp-json\/wp\/v2\/tags?post=449889"}],"curies":[{"name":"wp","href":"https:\/\/api.w.org\/{rel}","templated":true}]}}