{"id":446320,"date":"2025-12-09T10:08:34","date_gmt":"2025-12-09T09:08:34","guid":{"rendered":"https:\/\/www.pcnen.com\/portal\/?p=446320"},"modified":"2025-12-09T10:08:34","modified_gmt":"2025-12-09T09:08:34","slug":"u-beogradu-otvorena-izlozba-fotografija-iz-vremena-opsade-sarajeva","status":"publish","type":"post","link":"https:\/\/www.pcnen.com\/portal\/2025\/12\/09\/u-beogradu-otvorena-izlozba-fotografija-iz-vremena-opsade-sarajeva\/","title":{"rendered":"U Beogradu otvorena izlo\u017eba fotografija iz vremena opsade Sarajeva"},"content":{"rendered":"<p>Izlo\u017eba fotografija italijanskog fotoreportera Maria Bo\u010de (Mario Boccia) &#8220;Sarajevo 1992-1996 \u2013 Najdu\u017ea opsada&#8221; otvorena je ju\u010de u Muzeju devedesetih u Beogradu.<\/p>\n<p>Postavka uklju\u010duje izbor od pedesetak fotografija iz bogatog opusa autora, koji je tokom troipogodi\u0161nje opsade Sarajeva bio dopisnik italijanskog dnevnog lista &#8220;Il Manifesto&#8221;.<\/p>\n<p>U obra\u0107anju okupljenima na sve\u010danom otvaranju Bo\u010da je rekao da je u svom izvje\u0161tavanju uvek &#8220;po\u0161tovao svaku \u017ertvu rata&#8221;.<\/p>\n<p>Izlo\u017eba \u0107e biti otvorena u Muzeju devedesetih do 8. februara,<a href=\"https:\/\/www.slobodnaevropa.org\/a\/beograd-izlozba-fotografija-opsada-sarajeva-mario-boca\/33617576.html\"> prenosi RSE.<\/a><\/p>\n<p>Sarajevo je tokom gotovo \u010detiri godine bilo pod opsadom Vojske Republike Srpske i srpskih paravojnih formacija.<\/p>\n<p>Prema podacima udru\u017eenja \u017ertava i presudama me\u0111unarodnih sudova, u tom periodu je ubijeno vi\u0161e od 11.000 ljudi, a ranjeno preko 14.000 djece.<\/p>\n<p>Dio do\u017eivotnih Radovanu Karad\u017ei\u0107u, ratnom predsjedniku Republike Srpske, te Ratku Mladi\u0107u, ratnom komandantu Vojske Republike Srpske, odnosi se upravo na terorisanje civilnog stanovni\u0161tva Sarajeva.<\/p>\n<p>Prema zvani\u010dnim podacima Ha\u0161kog tribunala, za zlo\u010dine na podru\u010dju Sarajeva pred Sudom BiH osu\u0111eno je deset pripadnika Vojske Republike Srpske.<\/p>\n<p>Na ni\u017eim sudovima za zlo\u010dine na podru\u010dju Sarajeva osu\u0111eno je jo\u0161 najmanje 20 osoba.<\/p>\n","protected":false},"excerpt":{"rendered":"<p>Izlo\u017eba fotografija italijanskog fotoreportera Maria Bo\u010de (Mario Boccia) &#8220;Sarajevo 1992-1996 \u2013 Najdu\u017ea opsada&#8221; otvorena je ju\u010de u Muzeju devedesetih u Beogradu.<\/p>\n","protected":false},"author":1,"featured_media":444911,"comment_status":"open","ping_status":"closed","sticky":false,"template":"","format":"standard","meta":{"_seopress_robots_primary_cat":"none","_seopress_titles_title":"","_seopress_titles_desc":"","_seopress_robots_index":"","_et_pb_use_builder":"","_et_pb_old_content":"","_et_gb_content_width":"","inline_featured_image":false,"footnotes":""},"categories":[14],"tags":[],"class_list":["post-446320","post","type-post","status-publish","format-standard","has-post-thumbnail","hentry","category-vijesti"],"_links":{"self":[{"href":"https:\/\/www.pcnen.com\/portal\/wp-json\/wp\/v2\/posts\/446320","targetHints":{"allow":["GET"]}}],"collection":[{"href":"https:\/\/www.pcnen.com\/portal\/wp-json\/wp\/v2\/posts"}],"about":[{"href":"https:\/\/www.pcnen.com\/portal\/wp-json\/wp\/v2\/types\/post"}],"author":[{"embeddable":true,"href":"https:\/\/www.pcnen.com\/portal\/wp-json\/wp\/v2\/users\/1"}],"replies":[{"embeddable":true,"href":"https:\/\/www.pcnen.com\/portal\/wp-json\/wp\/v2\/comments?post=446320"}],"version-history":[{"count":1,"href":"https:\/\/www.pcnen.com\/portal\/wp-json\/wp\/v2\/posts\/446320\/revisions"}],"predecessor-version":[{"id":446323,"href":"https:\/\/www.pcnen.com\/portal\/wp-json\/wp\/v2\/posts\/446320\/revisions\/446323"}],"wp:featuredmedia":[{"embeddable":true,"href":"https:\/\/www.pcnen.com\/portal\/wp-json\/wp\/v2\/media\/444911"}],"wp:attachment":[{"href":"https:\/\/www.pcnen.com\/portal\/wp-json\/wp\/v2\/media?parent=446320"}],"wp:term":[{"taxonomy":"category","embeddable":true,"href":"https:\/\/www.pcnen.com\/portal\/wp-json\/wp\/v2\/categories?post=446320"},{"taxonomy":"post_tag","embeddable":true,"href":"https:\/\/www.pcnen.com\/portal\/wp-json\/wp\/v2\/tags?post=446320"}],"curies":[{"name":"wp","href":"https:\/\/api.w.org\/{rel}","templated":true}]}}