{"id":446078,"date":"2025-12-05T18:51:28","date_gmt":"2025-12-05T17:51:28","guid":{"rendered":"https:\/\/www.pcnen.com\/portal\/?p=446078"},"modified":"2025-12-05T18:51:28","modified_gmt":"2025-12-05T17:51:28","slug":"promovisana-knjiga-sjecanja-na-rat-opsada-dubrovnika-1991-1992","status":"publish","type":"post","link":"https:\/\/www.pcnen.com\/portal\/2025\/12\/05\/promovisana-knjiga-sjecanja-na-rat-opsada-dubrovnika-1991-1992\/","title":{"rendered":"Promovisana knjiga &#8216;Sje\u0107anja na rat Opsada Dubrovnika 1991-1992"},"content":{"rendered":"<p>Danas je u Podgorici promovisana knjiga<strong> &#8216;Sje\u0107anja na rat Opsada Dubrovnika 1991-1992&#8217;<\/strong> u kojoj su svjedo\u010denja u\u010desnika rata &#8220;obje zara\u0107ene strane&#8221;, koji se &#8220;rata sje\u0107aju kao najgoreg mogu\u0107eg ljudskog iskustva&#8221;.<\/p>\n<p>Knjigu je izdala Akcija za ljudska prava (HRA), a o njoj i povodom nje su govorili <strong>Luko Brailo<\/strong>, novinar i publicista iz Dubrovnika, <strong>Zlatko Bagoje<\/strong>, ul\u010desnik odbrane Dubrovnika i zarobljenik u logoru Morinj, <strong>Petar Vu\u010delji\u0107<\/strong>, antiratni aktivista iz Kotora, <strong>Petar Pejakovi\u0107<\/strong>, reditelj predstave &#8220;Smrt u Dubrovniku&#8221; i profesor\u00a0 re\u017eije na FDU Cetinje, <strong>Ma\u0161a Bo\u017eovi\u0107<\/strong>, glumica koja je igrala u popenutoj predstavi, i direktorica HRA T<strong>ea Gorjanc Prelevi\u0107.<\/strong><\/p>\n<p>Govore\u0107i o svome zatvoreni\u010dkom iskustvu u logoru Morinj, Bogoja je istakao nekoliko primjera ljudskosti zatvorskog osoblja od kojih je i onaj kad im se stra\u017ear obratio rije\u010dima: &#8220;Dibar dan, ljudi&#8221;.<\/p>\n<div id=\"attachment_446082\" style=\"width: 874px\" class=\"wp-caption aligncenter\"><img loading=\"lazy\" decoding=\"async\" aria-describedby=\"caption-attachment-446082\" class=\"size-full wp-image-446082\" src=\"https:\/\/www.pcnen.com\/portal\/wp-content\/uploads\/2025\/12\/luko-brailo-zlatko-bagoje.jpg\" alt=\"luko brailo, zlatko bagoje\" width=\"864\" height=\"727\" srcset=\"https:\/\/www.pcnen.com\/portal\/wp-content\/uploads\/2025\/12\/luko-brailo-zlatko-bagoje.jpg 864w, https:\/\/www.pcnen.com\/portal\/wp-content\/uploads\/2025\/12\/luko-brailo-zlatko-bagoje-480x404.jpg 480w\" sizes=\"(min-width: 0px) and (max-width: 480px) 480px, (min-width: 481px) 864px, 100vw\" \/><p id=\"caption-attachment-446082\" class=\"wp-caption-text\">\u00a0 \u00a0 \u00a0 \u00a0 \u00a0 \u00a0 \u00a0 \u00a0 \u00a0 \u00a0 \u00a0 \u00a0 \u00a0 <em>\u00a0 \u00a0 Luko Brailo i Zlatko Bagoje: Brailo pokazuje specijalna izdanja Pobjede &#8220;Rat za mir&#8221;<\/em><\/p><\/div>\n<p>Luko Brailo, u ratno vrijeme dopisnik Slobodne Dalmacije iz Dubrovnika, koji je &#8216;pokrivao&#8217; i Crnu Goru, pokazao je tri primjerka specijalnog ratnog izdanja podgori\u010dke Pobjede koja su nosila zajedni\u010dki naslov &#8220;Rat za mir&#8221;. Rije\u010d je bila o naslovu programskog teksta tada jednog od prvih ljudi crnogorske vlasti, Svetozar Marovi\u0107, koji je, svjesno ili nesvjesno, citirao nacisti\u010dkog vo\u0111u Adolfa Hitlera, koji je tu frazu izgovorio u njema\u010dkom parlamentu 1939. godine.<\/p>\n<p>Petar Vu\u010delji\u0107 je podsjetio na svoje kratkotrajno ratovanje u Konavlima protiv neprijatelja kojeg nije vidio i svojevoljno napu\u0161tanje jedinice, a Cetinjanin Zoran Kapisoda na to da u njegovoj vojni\u010dkoj knji\u017eici pi\u0161e kako je bio na vojnoj vje\u017ebi, a ne u ratu.<\/p>\n<p>Mlada glumica Ma\u0161a Bo\u017eovi\u0107, dijete Nik\u0161i\u0107anina koji je odbio da ide u rat, kazala je kako u njenom rodnom gradu ne mo\u017ee da bude igrana predstava &#8220;Smrt u Dubrovniku&#8221;, kao ni u nekim drugim crnogorskim gradovima.<\/p>\n<p>Promocija knjige odr\u017eana je u Evropskoj ku\u0107i pred punom nevelikom salom, a vi\u0161e prisutnih je govorilo o svojim iskustvima iz toga vremena.<\/p>\n","protected":false},"excerpt":{"rendered":"<p>Danas je u Podgorici promovisana knjiga &#8216;Sje\u0107anja na rat Opsada Dubrovnika 1991-1992&#8217; u kojoj su svjedo\u010denja u\u010desnika rata &#8220;obje zara\u0107ene strane&#8221;, koji se &#8220;rata sje\u0107aju kao najgoreg mogu\u0107eg ljudskog iskustva&#8221;<\/p>\n","protected":false},"author":1,"featured_media":446081,"comment_status":"open","ping_status":"closed","sticky":false,"template":"","format":"standard","meta":{"_seopress_robots_primary_cat":"none","_seopress_titles_title":"","_seopress_titles_desc":"","_seopress_robots_index":"","_et_pb_use_builder":"","_et_pb_old_content":"","_et_gb_content_width":"","inline_featured_image":false,"footnotes":""},"categories":[14],"tags":[],"class_list":["post-446078","post","type-post","status-publish","format-standard","has-post-thumbnail","hentry","category-vijesti"],"_links":{"self":[{"href":"https:\/\/www.pcnen.com\/portal\/wp-json\/wp\/v2\/posts\/446078","targetHints":{"allow":["GET"]}}],"collection":[{"href":"https:\/\/www.pcnen.com\/portal\/wp-json\/wp\/v2\/posts"}],"about":[{"href":"https:\/\/www.pcnen.com\/portal\/wp-json\/wp\/v2\/types\/post"}],"author":[{"embeddable":true,"href":"https:\/\/www.pcnen.com\/portal\/wp-json\/wp\/v2\/users\/1"}],"replies":[{"embeddable":true,"href":"https:\/\/www.pcnen.com\/portal\/wp-json\/wp\/v2\/comments?post=446078"}],"version-history":[{"count":1,"href":"https:\/\/www.pcnen.com\/portal\/wp-json\/wp\/v2\/posts\/446078\/revisions"}],"predecessor-version":[{"id":446083,"href":"https:\/\/www.pcnen.com\/portal\/wp-json\/wp\/v2\/posts\/446078\/revisions\/446083"}],"wp:featuredmedia":[{"embeddable":true,"href":"https:\/\/www.pcnen.com\/portal\/wp-json\/wp\/v2\/media\/446081"}],"wp:attachment":[{"href":"https:\/\/www.pcnen.com\/portal\/wp-json\/wp\/v2\/media?parent=446078"}],"wp:term":[{"taxonomy":"category","embeddable":true,"href":"https:\/\/www.pcnen.com\/portal\/wp-json\/wp\/v2\/categories?post=446078"},{"taxonomy":"post_tag","embeddable":true,"href":"https:\/\/www.pcnen.com\/portal\/wp-json\/wp\/v2\/tags?post=446078"}],"curies":[{"name":"wp","href":"https:\/\/api.w.org\/{rel}","templated":true}]}}