{"id":444370,"date":"2025-11-13T17:06:18","date_gmt":"2025-11-13T16:06:18","guid":{"rendered":"https:\/\/www.pcnen.com\/portal\/?p=444370"},"modified":"2025-11-13T17:06:18","modified_gmt":"2025-11-13T16:06:18","slug":"zoran-becirovic-izasao-iz-zatvora","status":"publish","type":"post","link":"https:\/\/www.pcnen.com\/portal\/2025\/11\/13\/zoran-becirovic-izasao-iz-zatvora\/","title":{"rendered":"Zoran Be\u0107irovi\u0107 iza\u0161ao iz zatvora"},"content":{"rendered":"<p>Zoran Be\u0107irovi\u0107 je danas napustio spu\u0161ki zatvor nakon \u0161to je odle\u017eao jednogodi\u0161nju kaznu zbog nasilni\u0161tva nad novinarkom Pobjede Anom Rai\u010dkovi\u0107 i \u010dlanovima njene familije 10. novembra pro\u0161le godine ispred restorana &#8220;Gurman\u201c u podgori\u010dkom naselju Blok pet.<\/p>\n<p>Dva mjeseca ranije iz zatvora je iza\u0161ao Be\u0107irovi\u0107ev tjelohranitelj Mladen Mijatovi\u0107, koji je osu\u0111en na 10 mjeseci zatvorske kazne, tako\u0111e, zbog nasilja nad Rai\u010dkovi\u0107evom i njenom porodicom, pi\u0161e Adria.<\/p>\n<p>Tre\u0107em osu\u0111enom za isto krivi\u010dno djelo, Be\u0107irovi\u0107evom sinu Luki, uslovna kazna istekla je uo\u010di ljeta.<\/p>\n<p>Osu\u0111uju\u0107e presude je, 24. aprila, izrekao sudija Osnovnog suda u Podgorici Ilija Radulovi\u0107.<\/p>\n<p>Dan prije toga, a pet mjeseci nakon napada, Uprava policije je Rai\u010dkovi\u0107evoj dodijelila policijsko obezbje\u0111enje.<\/p>\n<p>Stariji Be\u0107irovi\u0107 i Mijatovi\u0107, obrazlo\u017eio je tada sudija Radulovi\u0107, \u201cuporno i dugotrajno su naru\u0161avali tjelesni integritet Rai\u010dkovi\u0107eve\u201d, dok radnje mla\u0111eg Be\u0107irovi\u0107a \u201cnijesu bile usmjerene na novinarku, ve\u0107 na njeno vozilo\u201d.<\/p>\n<p><a href=\"https:\/\/www.pcnen.com\/portal\/?s=Zoran+Be%C4%87irovi%C4%87\">VEZANE VIJESTI<\/a><\/p>\n","protected":false},"excerpt":{"rendered":"<p>Zoran Be\u0107irovi\u0107 je danas napustio spu\u0161ki zatvor nakon \u0161to je odle\u017eao jednogodi\u0161nju kaznu zbog nasilni\u0161tva nad novinarkom Pobjede Anom Rai\u010dkovi\u0107 i \u010dlanovima njene familije 10. novembra pro\u0161le godine ispred restorana &#8220;Gurman\u201c u podgori\u010dkom naselju Blok pet.<\/p>\n","protected":false},"author":1,"featured_media":418353,"comment_status":"open","ping_status":"closed","sticky":false,"template":"","format":"standard","meta":{"_seopress_robots_primary_cat":"none","_seopress_titles_title":"","_seopress_titles_desc":"","_seopress_robots_index":"","_et_pb_use_builder":"","_et_pb_old_content":"","_et_gb_content_width":"","inline_featured_image":false,"footnotes":""},"categories":[14],"tags":[],"class_list":["post-444370","post","type-post","status-publish","format-standard","has-post-thumbnail","hentry","category-vijesti"],"_links":{"self":[{"href":"https:\/\/www.pcnen.com\/portal\/wp-json\/wp\/v2\/posts\/444370","targetHints":{"allow":["GET"]}}],"collection":[{"href":"https:\/\/www.pcnen.com\/portal\/wp-json\/wp\/v2\/posts"}],"about":[{"href":"https:\/\/www.pcnen.com\/portal\/wp-json\/wp\/v2\/types\/post"}],"author":[{"embeddable":true,"href":"https:\/\/www.pcnen.com\/portal\/wp-json\/wp\/v2\/users\/1"}],"replies":[{"embeddable":true,"href":"https:\/\/www.pcnen.com\/portal\/wp-json\/wp\/v2\/comments?post=444370"}],"version-history":[{"count":1,"href":"https:\/\/www.pcnen.com\/portal\/wp-json\/wp\/v2\/posts\/444370\/revisions"}],"predecessor-version":[{"id":444373,"href":"https:\/\/www.pcnen.com\/portal\/wp-json\/wp\/v2\/posts\/444370\/revisions\/444373"}],"wp:featuredmedia":[{"embeddable":true,"href":"https:\/\/www.pcnen.com\/portal\/wp-json\/wp\/v2\/media\/418353"}],"wp:attachment":[{"href":"https:\/\/www.pcnen.com\/portal\/wp-json\/wp\/v2\/media?parent=444370"}],"wp:term":[{"taxonomy":"category","embeddable":true,"href":"https:\/\/www.pcnen.com\/portal\/wp-json\/wp\/v2\/categories?post=444370"},{"taxonomy":"post_tag","embeddable":true,"href":"https:\/\/www.pcnen.com\/portal\/wp-json\/wp\/v2\/tags?post=444370"}],"curies":[{"name":"wp","href":"https:\/\/api.w.org\/{rel}","templated":true}]}}