{"id":43978,"date":"2011-07-06T11:51:07","date_gmt":"2011-07-06T11:51:07","guid":{"rendered":"http:\/\/www.pcnen.com\/portal\/?p=43978"},"modified":"2011-07-06T11:51:07","modified_gmt":"2011-07-06T11:51:07","slug":"obama-upozorio-na-moguci-haos-u-svjetskim-finansijama","status":"publish","type":"post","link":"https:\/\/www.pcnen.com\/portal\/2011\/07\/06\/obama-upozorio-na-moguci-haos-u-svjetskim-finansijama\/","title":{"rendered":"Obama upozorio na mogu\u0107i haos u svjetskim finansijama"},"content":{"rendered":"<p><!--[if gte mso 9]><xml>  <w:WordDocument>   <w:View>Normal<\/w:View>   <w:Zoom>0<\/w:Zoom>   <w:PunctuationKerning\/>   <w:ValidateAgainstSchemas\/>   <w:SaveIfXMLInvalid>false<\/w:SaveIfXMLInvalid>   <w:IgnoreMixedContent>false<\/w:IgnoreMixedContent>   <w:AlwaysShowPlaceholderText>false<\/w:AlwaysShowPlaceholderText>   <w:Compatibility>    <w:BreakWrappedTables\/>    <w:SnapToGridInCell\/>    <w:WrapTextWithPunct\/>    <w:UseAsianBreakRules\/>    <w:DontGrowAutofit\/>   <\/w:Compatibility>   <w:BrowserLevel>MicrosoftInternetExplorer4<\/w:BrowserLevel>  <\/w:WordDocument> <\/xml><![endif]--><!--[if gte mso 9]><xml>  <w:LatentStyles DefLockedState=\"false\" LatentStyleCount=\"156\">  <\/w:LatentStyles> <\/xml><![endif]--><!--[if gte mso 10]> \n\n<style>  \/* Style Definitions *\/  table.MsoNormalTable \t{mso-style-name:\"Table Normal\"; \tmso-tstyle-rowband-size:0; \tmso-tstyle-colband-size:0; \tmso-style-noshow:yes; \tmso-style-parent:\"\"; \tmso-padding-alt:0in 5.4pt 0in 5.4pt; \tmso-para-margin:0in; \tmso-para-margin-bottom:.0001pt; \tmso-pagination:widow-orphan; \tfont-size:10.0pt; \tfont-family:\"Times New Roman\"; \tmso-ansi-language:#0400; \tmso-fareast-language:#0400; \tmso-bidi-language:#0400;} <\/style>\n\n <![endif]-->  <\/p>\n<p class=\"MsoNormal\">Predsjednik SAD Barak Obama je izjavio danas da je potrebno, u naredne dvije nedjelje, posti\u0107i dogovor demokrata i republikanaca o smanjenju deficita i o podizanju limita zadu\u017eenja vlade.<\/p>\n<p class=\"MsoNormal\">Obama je tokom vikenda upozorio da se pribli\u017eava 2. avgust i da, ako se do tog roka ne pove\u0107a limit zadu\u017eenja vlade, SAD ne\u0107e biti u stanju da pla\u0107aju svoje obaveze i da prijeti mogu\u0107nost da svjetska finansijska tr\u017ei&scaron;ta gurnu u haos. <\/p>\n<p class=\"MsoNormal\">Prema njegovim rije\u010dima, ve\u0107ina se sla\u017ee da bi, kako bi se zaista rije&scaron;io ameri\u010dki problem sa deficitom, trebalo na\u0107i na\u010dina da se u&scaron;tede hiljade milijardi dolara u slede\u0107oj deceniji, i znatno vi&scaron;e u narednoj. <\/p>\n<p class=\"MsoNormal\">Pregovori demokrata i republikanaca o rje&scaron;avanju ta dva problema zapo\u010deli su prije dva mjeseca, i predvodio ih je potpredsjednik D\u017eozef Bajden. Iako su obje strane konstatovale da je na\u010dinjen napredak, pregovori su prekinuti, pa je morao li\u010dno da se uklju\u010di Obama. <\/p>\n<p class=\"MsoNormal\">Glavna ta\u010dka razila\u017eenja su porezi. Demokrati insistiraju da se smanjenje deficita ne postigne samo kresanjem tro&scaron;kova, ve\u0107 i pove\u0107anjem prihoda, odnosno dizanjem poreza za bogate gra\u0111ane i ukidanjem poreskih olak&scaron;ica naftnim kompanijama.<\/p>\n","protected":false},"excerpt":{"rendered":"<p>Predsjednik SAD Barak Obama je izjavio danas da je potrebno, u naredne dvije nedjelje, posti\u0107i dogovor demokrata i republikanaca o smanjenju deficita i o podizanju limita zadu\u017eenja vlade. Obama je tokom vikenda upozorio da se pribli\u017eava 2. avgust i da, ako se do tog roka ne pove\u0107a limit zadu\u017eenja vlade, SAD ne\u0107e biti u stanju [&hellip;]<\/p>\n","protected":false},"author":1,"featured_media":0,"comment_status":"open","ping_status":"closed","sticky":false,"template":"","format":"standard","meta":{"_seopress_robots_primary_cat":"","_seopress_titles_title":"","_seopress_titles_desc":"","_seopress_robots_index":"","_et_pb_use_builder":"","_et_pb_old_content":"","_et_gb_content_width":"","inline_featured_image":false,"footnotes":""},"categories":[14],"tags":[],"class_list":["post-43978","post","type-post","status-publish","format-standard","hentry","category-vijesti"],"_links":{"self":[{"href":"https:\/\/www.pcnen.com\/portal\/wp-json\/wp\/v2\/posts\/43978","targetHints":{"allow":["GET"]}}],"collection":[{"href":"https:\/\/www.pcnen.com\/portal\/wp-json\/wp\/v2\/posts"}],"about":[{"href":"https:\/\/www.pcnen.com\/portal\/wp-json\/wp\/v2\/types\/post"}],"author":[{"embeddable":true,"href":"https:\/\/www.pcnen.com\/portal\/wp-json\/wp\/v2\/users\/1"}],"replies":[{"embeddable":true,"href":"https:\/\/www.pcnen.com\/portal\/wp-json\/wp\/v2\/comments?post=43978"}],"version-history":[{"count":0,"href":"https:\/\/www.pcnen.com\/portal\/wp-json\/wp\/v2\/posts\/43978\/revisions"}],"wp:attachment":[{"href":"https:\/\/www.pcnen.com\/portal\/wp-json\/wp\/v2\/media?parent=43978"}],"wp:term":[{"taxonomy":"category","embeddable":true,"href":"https:\/\/www.pcnen.com\/portal\/wp-json\/wp\/v2\/categories?post=43978"},{"taxonomy":"post_tag","embeddable":true,"href":"https:\/\/www.pcnen.com\/portal\/wp-json\/wp\/v2\/tags?post=43978"}],"curies":[{"name":"wp","href":"https:\/\/api.w.org\/{rel}","templated":true}]}}