{"id":43977,"date":"2011-07-06T11:14:23","date_gmt":"2011-07-06T11:14:23","guid":{"rendered":"http:\/\/www.pcnen.com\/portal\/?p=43977"},"modified":"2011-07-06T11:14:23","modified_gmt":"2011-07-06T11:14:23","slug":"odbijena-zalba-lidera-ns","status":"publish","type":"post","link":"https:\/\/www.pcnen.com\/portal\/2011\/07\/06\/odbijena-zalba-lidera-ns\/","title":{"rendered":"Odbijena \u017ealba lidera NS"},"content":{"rendered":"<p>Upravni sud u Podgorici odbio je \u017ealbu predsjednika Narodne stranke Predraga Popovi\u0107a na rje&scaron;enje MUP-a o oduzimanju crnogorskog dr\u017eavljanstva, nezvani\u010dno saznaje radio Antena M.<\/p>\n<p>Krajem marta Ministarstvo unutra&scaron;njih poslova i javne uprave oduzelo je lideru NS crnogorsko dr\u017eavljanstvo i sva li\u010dna dokumenta jer pored crnogorskog Popovi\u0107 ima i dr\u017eavljanstvo Srbije kojeg ne \u017eeli da se odrekne.<\/p>\n<p>Iz MUP-a su tada objasnili da crnogorski Zakon o dr\u017eavljanstvu ne dozvoljava dvojno dr\u017eavljanstvo.<\/p>\n","protected":false},"excerpt":{"rendered":"<p>Upravni sud u Podgorici odbio je \u017ealbu predsjednika Narodne stranke Predraga Popovi\u0107a na rje&scaron;enje MUP-a o oduzimanju crnogorskog dr\u017eavljanstva, nezvani\u010dno saznaje radio Antena M. Krajem marta Ministarstvo unutra&scaron;njih poslova i javne uprave oduzelo je lideru NS crnogorsko dr\u017eavljanstvo i sva li\u010dna dokumenta jer pored crnogorskog Popovi\u0107 ima i dr\u017eavljanstvo Srbije kojeg ne \u017eeli da se [&hellip;]<\/p>\n","protected":false},"author":1,"featured_media":0,"comment_status":"open","ping_status":"closed","sticky":false,"template":"","format":"standard","meta":{"_seopress_robots_primary_cat":"","_seopress_titles_title":"","_seopress_titles_desc":"","_seopress_robots_index":"","_et_pb_use_builder":"","_et_pb_old_content":"","_et_gb_content_width":"","inline_featured_image":false,"footnotes":""},"categories":[14],"tags":[],"class_list":["post-43977","post","type-post","status-publish","format-standard","hentry","category-vijesti"],"_links":{"self":[{"href":"https:\/\/www.pcnen.com\/portal\/wp-json\/wp\/v2\/posts\/43977","targetHints":{"allow":["GET"]}}],"collection":[{"href":"https:\/\/www.pcnen.com\/portal\/wp-json\/wp\/v2\/posts"}],"about":[{"href":"https:\/\/www.pcnen.com\/portal\/wp-json\/wp\/v2\/types\/post"}],"author":[{"embeddable":true,"href":"https:\/\/www.pcnen.com\/portal\/wp-json\/wp\/v2\/users\/1"}],"replies":[{"embeddable":true,"href":"https:\/\/www.pcnen.com\/portal\/wp-json\/wp\/v2\/comments?post=43977"}],"version-history":[{"count":0,"href":"https:\/\/www.pcnen.com\/portal\/wp-json\/wp\/v2\/posts\/43977\/revisions"}],"wp:attachment":[{"href":"https:\/\/www.pcnen.com\/portal\/wp-json\/wp\/v2\/media?parent=43977"}],"wp:term":[{"taxonomy":"category","embeddable":true,"href":"https:\/\/www.pcnen.com\/portal\/wp-json\/wp\/v2\/categories?post=43977"},{"taxonomy":"post_tag","embeddable":true,"href":"https:\/\/www.pcnen.com\/portal\/wp-json\/wp\/v2\/tags?post=43977"}],"curies":[{"name":"wp","href":"https:\/\/api.w.org\/{rel}","templated":true}]}}