{"id":43973,"date":"2011-07-06T10:00:40","date_gmt":"2011-07-06T10:00:40","guid":{"rendered":"http:\/\/www.pcnen.com\/portal\/?p=43973"},"modified":"2011-07-06T10:00:40","modified_gmt":"2011-07-06T10:00:40","slug":"boris-tadic-u-prvoj-zvanicnoj-posjeti-bih","status":"publish","type":"post","link":"https:\/\/www.pcnen.com\/portal\/2011\/07\/06\/boris-tadic-u-prvoj-zvanicnoj-posjeti-bih\/","title":{"rendered":"Boris Tadi\u0107 u prvoj zvani\u010dnoj posjeti BiH"},"content":{"rendered":"<p>Predsjednik Srbije Boris Tadi\u0107 boravi danas u prvoj zvani\u010dnoj posjeti Bosni i Hercegovini tokom koje \u0107e sa zvani\u010dnicima u Sarajevu razgovarati o saradnji dvije zemlje i evropskoj integraciji.<\/p>\n<p>Tadi\u0107 \u0107e razgovarati sa predsjedavaju\u0107im Predsjedni&scaron;tva BiH Neboj&scaron;om Radmanovi\u0107em i \u010dlanovima Bakirom Izetbegovi\u0107em i \u017deljkom Kom&scaron;i\u0107em nakon \u010dega je predvi\u0111en sastanak delegacija dvije zemlje.<\/p>\n<p>Kako je najavljeno, Tadi\u0107 \u0107e razgovarati i sa generalnim sekretarom Savjeta za regionalnu saradnju Hidom Bi&scaron;\u010devi\u0107em i bi\u0107e mu uru\u010den orden Evropskog pokreta u Bosni i Hercegovini.<\/p>\n<p>Tadi\u0107 je razgovarao s \u010dlanovima Predsjedni&scaron;tva BiH 26. aprila u Kara\u0111or\u0111evu. Na samitu, na kojem je u\u010destvovao i predsjednik Turske Abdulah Gul, ocijenjeno je da je budu\u0107nost regiona u EU, ali i u razbijanju predrasuda, procesu pomirenja i nemije&scaron;anju u unutra&scaron;nje stvari drugih dr\u017eava.<\/p>\n<p>Tadi\u0107 je u maju 2010. boravio u Sarajevu gdje je u\u010destvovao na skupu povodom 10. godi&scaron;njice Igmanske inicijative, mre\u017ee regionalnih nevladinih organizacija, a 11. jula 2010. prisustvovao je obilje\u017eavanju 15. godi&scaron;njice genocida u Srebrenici, gdje je izrazio \u017ealjenje zbog zlo\u010dina koji su se dogodili.<\/p>\n","protected":false},"excerpt":{"rendered":"<p>Predsjednik Srbije Boris Tadi\u0107 boravi danas u prvoj zvani\u010dnoj posjeti Bosni i Hercegovini tokom koje \u0107e sa zvani\u010dnicima u Sarajevu razgovarati o saradnji dvije zemlje i evropskoj integraciji. Tadi\u0107 \u0107e razgovarati sa predsjedavaju\u0107im Predsjedni&scaron;tva BiH Neboj&scaron;om Radmanovi\u0107em i \u010dlanovima Bakirom Izetbegovi\u0107em i \u017deljkom Kom&scaron;i\u0107em nakon \u010dega je predvi\u0111en sastanak delegacija dvije zemlje. Kako je najavljeno, [&hellip;]<\/p>\n","protected":false},"author":1,"featured_media":0,"comment_status":"open","ping_status":"closed","sticky":false,"template":"","format":"standard","meta":{"_seopress_robots_primary_cat":"","_seopress_titles_title":"","_seopress_titles_desc":"","_seopress_robots_index":"","_et_pb_use_builder":"","_et_pb_old_content":"","_et_gb_content_width":"","inline_featured_image":false,"footnotes":""},"categories":[14],"tags":[],"class_list":["post-43973","post","type-post","status-publish","format-standard","hentry","category-vijesti"],"_links":{"self":[{"href":"https:\/\/www.pcnen.com\/portal\/wp-json\/wp\/v2\/posts\/43973","targetHints":{"allow":["GET"]}}],"collection":[{"href":"https:\/\/www.pcnen.com\/portal\/wp-json\/wp\/v2\/posts"}],"about":[{"href":"https:\/\/www.pcnen.com\/portal\/wp-json\/wp\/v2\/types\/post"}],"author":[{"embeddable":true,"href":"https:\/\/www.pcnen.com\/portal\/wp-json\/wp\/v2\/users\/1"}],"replies":[{"embeddable":true,"href":"https:\/\/www.pcnen.com\/portal\/wp-json\/wp\/v2\/comments?post=43973"}],"version-history":[{"count":0,"href":"https:\/\/www.pcnen.com\/portal\/wp-json\/wp\/v2\/posts\/43973\/revisions"}],"wp:attachment":[{"href":"https:\/\/www.pcnen.com\/portal\/wp-json\/wp\/v2\/media?parent=43973"}],"wp:term":[{"taxonomy":"category","embeddable":true,"href":"https:\/\/www.pcnen.com\/portal\/wp-json\/wp\/v2\/categories?post=43973"},{"taxonomy":"post_tag","embeddable":true,"href":"https:\/\/www.pcnen.com\/portal\/wp-json\/wp\/v2\/tags?post=43973"}],"curies":[{"name":"wp","href":"https:\/\/api.w.org\/{rel}","templated":true}]}}