{"id":43967,"date":"2011-07-05T19:54:57","date_gmt":"2011-07-05T19:54:57","guid":{"rendered":"http:\/\/www.pcnen.com\/portal\/?p=43967"},"modified":"2011-07-05T19:54:57","modified_gmt":"2011-07-05T19:54:57","slug":"mans-trazi-objasnjenje-uprave-policije-se-poziva-na-tuzilastvo","status":"publish","type":"post","link":"https:\/\/www.pcnen.com\/portal\/2011\/07\/05\/mans-trazi-objasnjenje-uprave-policije-se-poziva-na-tuzilastvo\/","title":{"rendered":"MANS tra\u017ei obja\u0161njenje, Uprave policije se poziva na Tu\u017eila\u0161tvo"},"content":{"rendered":"<p class=\"MsoNormal\">Mre\u017ea za afirmaciju nevladinog sektora (MANS) je pozvala danas direktora Uprave policije Crne Gore Veselina Veljovi\u0107a da saop&scaron;ti koje krivi\u010dno djelo je policija istra\u017eivala kada je prikupljala obavje&scaron;tenja od izvr&scaron;ne direktorice te nevladine organizacije Vanje \u0106alovi\u0107 u vezi sa postovanjem na YouTube video zapisa svadbe kontroverznog ro\u017eajskog biznismena Safeta Kali\u0107a. <\/p>\n<p class=\"MsoNormal\">\u0106alovi\u0107 i MANS-ov advokat Veselin Radulovi\u0107 su naveli u otvorenom pismu direktoru policije da, pored \u010dinjenice da Veljovi\u0107 rukovodi radom policije i iz niza drugih razloga, smatraju da je policija u ovom slu\u010daju postupala po njegovim direktnim nalozima. <\/p>\n<p class=\"MsoNormal\">&ldquo;Predmet Va&scaron;eg interesovanja bilo je isklju\u010divo da saznate ko je na internet sajtu Youtube postavio snimak svadbe Kali\u0107a i provjera da li je to izvr&scaron;eno sa nekog od ra\u010dunara NVO MANS&rdquo;, ka\u017eu u pismu \u0106alovi\u0107 i Radulovi\u0107.&nbsp;<\/p>\n<p class=\"MsoNormal\">Njih dvoje posebno zanima koje je policija krivi\u010dno djelo iz oblasti krvnih delikata istra\u017eivala prikupljanjem obavje&scaron;tenja koliko u MANS&ndash;u ima ra\u010dunara, od kada ta organizacija ima internet konekciju, kakva je vrsta mre\u017ee, be\u017ei\u010dna ili kablovska i ko je na internet postavio snimak svadbe Kali\u0107a.<\/p>\n<p>Uprava policije je, po nalogu tu\u017eila&scaron;tva, pozvala prije nekoliko dana predstavnike MANS da pru\u017ee informacije &quot;na okolnosti video zapisa Svadba Safeta Kali\u0107a&quot; na kojem se pojavljuju lica za koja policije vi&scaron;e zemalja tvrde da su &scaron;efovi organizovanih kriminalnih grupa u Crnoj Gori, Srbiji, Kosovu i BiH, zajedno sa visokim funkcionerima crnogorske Agencije za nacionalnu bezbijednost.<\/p>\n<p><!--[if gte mso 9]><xml>  <w:WordDocument>   <w:View>Normal<\/w:View>   <w:Zoom>0<\/w:Zoom>   <w:PunctuationKerning\/>   <w:ValidateAgainstSchemas\/>   <w:SaveIfXMLInvalid>false<\/w:SaveIfXMLInvalid>   <w:IgnoreMixedContent>false<\/w:IgnoreMixedContent>   <w:AlwaysShowPlaceholderText>false<\/w:AlwaysShowPlaceholderText>   <w:Compatibility>    <w:BreakWrappedTables\/>    <w:SnapToGridInCell\/>    <w:WrapTextWithPunct\/>    <w:UseAsianBreakRules\/>    <w:DontGrowAutofit\/>   <\/w:Compatibility>   <w:BrowserLevel>MicrosoftInternetExplorer4<\/w:BrowserLevel>  <\/w:WordDocument> <\/xml><![endif]--><!--[if gte mso 9]><xml>  <w:LatentStyles DefLockedState=\"false\" LatentStyleCount=\"156\">  <\/w:LatentStyles> <\/xml><![endif]--><!--[if gte mso 10]> \n\n<style>  \/* Style Definitions *\/  table.MsoNormalTable \t{mso-style-name:\"Table Normal\"; \tmso-tstyle-rowband-size:0; \tmso-tstyle-colband-size:0; \tmso-style-noshow:yes; \tmso-style-parent:\"\"; \tmso-padding-alt:0in 5.4pt 0in 5.4pt; \tmso-para-margin:0in; \tmso-para-margin-bottom:.0001pt; \tmso-pagination:widow-orphan; \tfont-size:10.0pt; \tfont-family:\"Times New Roman\"; \tmso-ansi-language:#0400; \tmso-fareast-language:#0400; \tmso-bidi-language:#0400;} <\/style>\n\n <![endif]-->  <\/p>\n<p class=\"MsoNormal\">Uprava policije (UP) je danas, povodom otvorenog pisma, saop&scaron;tila da je po nalogu Osnovnog dr\u017eavnog tu\u017eioca u Bijelom Polju, shodno \u010dlanu 44 Zakonika o krivi\u010dnom postupku uputila poziv Vanji \u0106alovi\u0107 radi prikupljanja obavje&scaron;tenja u svojstvu gra\u0111anina. <\/p>\n<p>&ldquo;Va\u017eno je napomenuti da Uprava policije ne vr&scaron;i kvalifikaciju krivi\u010dnog djela, ve\u0107 da to \u010dini nadle\u017eni tu\u017eilac, koji u nalogu za prikupljanje obavje&scaron;tenja od Vanje \u0106alovi\u0107 u svojstvu gra\u0111anina, koji je uputio Upravi policije da po njemu postupi, nije naveo kvalifikaciju krivi\u010dnog djela, te stoga predmetna kvalifikacija nije mogla biti navedena u pozivu koji je njoj upu\u0107en&ldquo;, saop&scaron;tila je danas UP.<\/p>\n","protected":false},"excerpt":{"rendered":"<p>Mre\u017ea za afirmaciju nevladinog sektora (MANS) je pozvala danas direktora Uprave policije Crne Gore Veselina Veljovi\u0107a da saop&scaron;ti koje krivi\u010dno djelo je policija istra\u017eivala kada je prikupljala obavje&scaron;tenja od izvr&scaron;ne direktorice te nevladine organizacije Vanje \u0106alovi\u0107 u vezi sa postovanjem na YouTube video zapisa svadbe kontroverznog ro\u017eajskog biznismena Safeta Kali\u0107a. \u0106alovi\u0107 i MANS-ov advokat Veselin [&hellip;]<\/p>\n","protected":false},"author":1,"featured_media":0,"comment_status":"open","ping_status":"closed","sticky":false,"template":"","format":"standard","meta":{"_seopress_robots_primary_cat":"","_seopress_titles_title":"","_seopress_titles_desc":"","_seopress_robots_index":"","_et_pb_use_builder":"","_et_pb_old_content":"","_et_gb_content_width":"","inline_featured_image":false,"footnotes":""},"categories":[14],"tags":[],"class_list":["post-43967","post","type-post","status-publish","format-standard","hentry","category-vijesti"],"_links":{"self":[{"href":"https:\/\/www.pcnen.com\/portal\/wp-json\/wp\/v2\/posts\/43967","targetHints":{"allow":["GET"]}}],"collection":[{"href":"https:\/\/www.pcnen.com\/portal\/wp-json\/wp\/v2\/posts"}],"about":[{"href":"https:\/\/www.pcnen.com\/portal\/wp-json\/wp\/v2\/types\/post"}],"author":[{"embeddable":true,"href":"https:\/\/www.pcnen.com\/portal\/wp-json\/wp\/v2\/users\/1"}],"replies":[{"embeddable":true,"href":"https:\/\/www.pcnen.com\/portal\/wp-json\/wp\/v2\/comments?post=43967"}],"version-history":[{"count":0,"href":"https:\/\/www.pcnen.com\/portal\/wp-json\/wp\/v2\/posts\/43967\/revisions"}],"wp:attachment":[{"href":"https:\/\/www.pcnen.com\/portal\/wp-json\/wp\/v2\/media?parent=43967"}],"wp:term":[{"taxonomy":"category","embeddable":true,"href":"https:\/\/www.pcnen.com\/portal\/wp-json\/wp\/v2\/categories?post=43967"},{"taxonomy":"post_tag","embeddable":true,"href":"https:\/\/www.pcnen.com\/portal\/wp-json\/wp\/v2\/tags?post=43967"}],"curies":[{"name":"wp","href":"https:\/\/api.w.org\/{rel}","templated":true}]}}