{"id":43966,"date":"2011-07-05T19:41:12","date_gmt":"2011-07-05T19:41:12","guid":{"rendered":"http:\/\/www.pcnen.com\/portal\/?p=43966"},"modified":"2011-07-05T19:41:12","modified_gmt":"2011-07-05T19:41:12","slug":"ostavke-podnijelo-nekoliko-ruskih-generala","status":"publish","type":"post","link":"https:\/\/www.pcnen.com\/portal\/2011\/07\/05\/ostavke-podnijelo-nekoliko-ruskih-generala\/","title":{"rendered":"Ostavke podnijelo nekoliko ruskih generala"},"content":{"rendered":"<p>Nekoliko ruskih armijskih generala podnijelo je ostavke u znak protesta zbog lo&scaron;eg rukovo\u0111enja oru\u017eanim snagama i reforme koju sprovodi na\u010delnik Zdru\u017eenog general&scaron;taba, prenose ruski mediji.<\/p>\n<p>Me\u0111u onima koji su podnijeli ostavke su prvi zamjenik na\u010delnika General&scaron;taba, general Andrej Tretjak, i prvi zamjenik komandanta Kopnenih snaga Sergej Skokov, prenose list <em>Nezavisimaja gazeta<\/em> i agencija <em>RIA Novosti<\/em>.<\/p>\n<p>Generali nisu obrazlo\u017eili ostavke, ali je jedan neimenovani visoki zvani\u010dnik Ministarstva odbrane rekao za <em>Nezavisimaju Gazetu<\/em> da je \u010duo da se ne sla\u017eu sa reformom vojske koju sprovodi na\u010delnik General&scaron;taba, general Nikolaj Makarov, prenosi Beta.<\/p>\n<p>&quot;Fantasti\u010dna spremnost oru\u017eanih snaga kojom se hvali na\u010delnik na\u010delnik General&scaron;taba je izmisljotina&quot;, rekao je taj oficir.<\/p>\n<p>General Tretjak je demantovao napis <em>Nezavisimaje gazete<\/em> rekav&scaron;i da njegova ostavka &quot;nema nikakve veze sa reformom vojske, kao ni sa bilo kakvim neslaganjem sa rukovo\u0111enjem Oru\u017eanim snagama&quot;, prenosi izjavu Tretjaka agencija <em>Interfaks<\/em>.<\/p>\n<p>Prema Press-slu\u017ebi Ministarstva odbrane, prenosi <em>Interfaks<\/em>, generali su podnijeli ostavke iz zdravstvenih razloga.<\/p>\n<p>Ruska vojska ima milion ljudi, a ve\u0107 nekoliko godina prolazi kroz proces profesionalizacije i djelimi\u010dnog smanjenja broja osoblja.<\/p>\n","protected":false},"excerpt":{"rendered":"<p>Nekoliko ruskih armijskih generala podnijelo je ostavke u znak protesta zbog lo&scaron;eg rukovo\u0111enja oru\u017eanim snagama i reforme koju sprovodi na\u010delnik Zdru\u017eenog general&scaron;taba, prenose ruski mediji. Me\u0111u onima koji su podnijeli ostavke su prvi zamjenik na\u010delnika General&scaron;taba, general Andrej Tretjak, i prvi zamjenik komandanta Kopnenih snaga Sergej Skokov, prenose list Nezavisimaja gazeta i agencija RIA Novosti. [&hellip;]<\/p>\n","protected":false},"author":1,"featured_media":0,"comment_status":"open","ping_status":"closed","sticky":false,"template":"","format":"standard","meta":{"_seopress_robots_primary_cat":"","_seopress_titles_title":"","_seopress_titles_desc":"","_seopress_robots_index":"","_et_pb_use_builder":"","_et_pb_old_content":"","_et_gb_content_width":"","inline_featured_image":false,"footnotes":""},"categories":[14],"tags":[],"class_list":["post-43966","post","type-post","status-publish","format-standard","hentry","category-vijesti"],"_links":{"self":[{"href":"https:\/\/www.pcnen.com\/portal\/wp-json\/wp\/v2\/posts\/43966","targetHints":{"allow":["GET"]}}],"collection":[{"href":"https:\/\/www.pcnen.com\/portal\/wp-json\/wp\/v2\/posts"}],"about":[{"href":"https:\/\/www.pcnen.com\/portal\/wp-json\/wp\/v2\/types\/post"}],"author":[{"embeddable":true,"href":"https:\/\/www.pcnen.com\/portal\/wp-json\/wp\/v2\/users\/1"}],"replies":[{"embeddable":true,"href":"https:\/\/www.pcnen.com\/portal\/wp-json\/wp\/v2\/comments?post=43966"}],"version-history":[{"count":0,"href":"https:\/\/www.pcnen.com\/portal\/wp-json\/wp\/v2\/posts\/43966\/revisions"}],"wp:attachment":[{"href":"https:\/\/www.pcnen.com\/portal\/wp-json\/wp\/v2\/media?parent=43966"}],"wp:term":[{"taxonomy":"category","embeddable":true,"href":"https:\/\/www.pcnen.com\/portal\/wp-json\/wp\/v2\/categories?post=43966"},{"taxonomy":"post_tag","embeddable":true,"href":"https:\/\/www.pcnen.com\/portal\/wp-json\/wp\/v2\/tags?post=43966"}],"curies":[{"name":"wp","href":"https:\/\/api.w.org\/{rel}","templated":true}]}}