{"id":43964,"date":"2011-07-05T17:38:04","date_gmt":"2011-07-05T17:38:04","guid":{"rendered":"http:\/\/www.pcnen.com\/portal\/?p=43964"},"modified":"2011-07-05T17:38:04","modified_gmt":"2011-07-05T17:38:04","slug":"vatikan-otkriva-svoje-tajne","status":"publish","type":"post","link":"https:\/\/www.pcnen.com\/portal\/2011\/07\/05\/vatikan-otkriva-svoje-tajne\/","title":{"rendered":"Vatikan otkriva svoje tajne"},"content":{"rendered":"<p>Vatikan \u0107e idu\u0107e godine organizovati izlo\u017ebu 100 odabranih dokumenata iz Tajnih arhiva, uklju\u010duju\u0107i i neobjavljene spise iz Drugog svjetskog rata &#8211; ere pape Pije XII, prenosi AP.<\/p>\n<p>Izlo\u017eba, koja \u0107e biti organizovana povodom 400 godi&scaron;njice Vatikanskog arhiva, bi\u0107e prilika da se prvi put izlo\u017ee dokumenta, rukopisi i pergamenti iz tajnih arhiva.<\/p>\n<p>Zvanicnici Vatikana su najavili da \u0107e biti izlo\u017eeni i nikad do sada vi\u0111eni dokumenti koji se odnose na papu Pija XII, koga jedan dio Jevreja optu\u017euje da nije radio na spre\u010davanju Holokausta.<\/p>\n<p>&quot;Lux in Arcana: Otkrivanje Vatikanskih tajnih arhiva&quot; bi\u0107e otvorena od februara do septembra u Kapitolskim muzejima u Rimu.<\/p>\n","protected":false},"excerpt":{"rendered":"<p>Vatikan \u0107e idu\u0107e godine organizovati izlo\u017ebu 100 odabranih dokumenata iz Tajnih arhiva, uklju\u010duju\u0107i i neobjavljene spise iz Drugog svjetskog rata &#8211; ere pape Pije XII, prenosi AP. Izlo\u017eba, koja \u0107e biti organizovana povodom 400 godi&scaron;njice Vatikanskog arhiva, bi\u0107e prilika da se prvi put izlo\u017ee dokumenta, rukopisi i pergamenti iz tajnih arhiva. Zvanicnici Vatikana su najavili [&hellip;]<\/p>\n","protected":false},"author":1,"featured_media":0,"comment_status":"open","ping_status":"closed","sticky":false,"template":"","format":"standard","meta":{"_seopress_robots_primary_cat":"","_seopress_titles_title":"","_seopress_titles_desc":"","_seopress_robots_index":"","_et_pb_use_builder":"","_et_pb_old_content":"","_et_gb_content_width":"","inline_featured_image":false,"footnotes":""},"categories":[14],"tags":[],"class_list":["post-43964","post","type-post","status-publish","format-standard","hentry","category-vijesti"],"_links":{"self":[{"href":"https:\/\/www.pcnen.com\/portal\/wp-json\/wp\/v2\/posts\/43964","targetHints":{"allow":["GET"]}}],"collection":[{"href":"https:\/\/www.pcnen.com\/portal\/wp-json\/wp\/v2\/posts"}],"about":[{"href":"https:\/\/www.pcnen.com\/portal\/wp-json\/wp\/v2\/types\/post"}],"author":[{"embeddable":true,"href":"https:\/\/www.pcnen.com\/portal\/wp-json\/wp\/v2\/users\/1"}],"replies":[{"embeddable":true,"href":"https:\/\/www.pcnen.com\/portal\/wp-json\/wp\/v2\/comments?post=43964"}],"version-history":[{"count":0,"href":"https:\/\/www.pcnen.com\/portal\/wp-json\/wp\/v2\/posts\/43964\/revisions"}],"wp:attachment":[{"href":"https:\/\/www.pcnen.com\/portal\/wp-json\/wp\/v2\/media?parent=43964"}],"wp:term":[{"taxonomy":"category","embeddable":true,"href":"https:\/\/www.pcnen.com\/portal\/wp-json\/wp\/v2\/categories?post=43964"},{"taxonomy":"post_tag","embeddable":true,"href":"https:\/\/www.pcnen.com\/portal\/wp-json\/wp\/v2\/tags?post=43964"}],"curies":[{"name":"wp","href":"https:\/\/api.w.org\/{rel}","templated":true}]}}