{"id":43963,"date":"2011-07-05T17:12:24","date_gmt":"2011-07-05T17:12:24","guid":{"rendered":"http:\/\/www.pcnen.com\/portal\/?p=43963"},"modified":"2011-07-05T17:12:24","modified_gmt":"2011-07-05T17:12:24","slug":"eu-teska-zlostavljanja-imigranata-koji-rade-u-domacinstvima","status":"publish","type":"post","link":"https:\/\/www.pcnen.com\/portal\/2011\/07\/05\/eu-teska-zlostavljanja-imigranata-koji-rade-u-domacinstvima\/","title":{"rendered":"EU: Te\u0161ka zlostavljanja imigranata koji rade u doma\u0107instvima"},"content":{"rendered":"<p>U izvje&scaron;taju Evropske unije objavljenom danas navodi se da se ilegalni imigranti koji rade u doma\u0107instvima u zemljama Unije \u010desto premla\u0107uju, seksualno zlostavljaju i prisiljavaju na prekomjerni rad dok im se pla\u0107a samo mali dio onoga &scaron;to bi primali da rade legalno.<\/p>\n<p>Agencija za osnovna ljudska prava sa sjedi&scaron;tem u Be\u010du zasnovala je svoje nalaze na intervjuima sa 72 radnika u doma\u0107instvima iz 28 zemalja koji ilegalno rade u 10 dr\u017eava \u010dlanica EU &#8211; Belgiji, Francuskoj, Njema\u010dkoj, Gr\u010dkoj, Ma\u0111arskoj, Irskoj, Italiji, Poljskoj &Scaron;paniji i &Scaron;vedskoj.<\/p>\n<p>U izvje&scaron;taju se navodi da zbog toga &scaron;to se takve osobe, obi\u010dno \u017eene, pla&scaron;e da se obrate vlastima, oni su li&scaron;eni svojih &quot;najtemeljnijih ljudskih prava&quot;, prenosi AP.<\/p>\n<p>Izvje&scaron;taj pi&scaron;e o &quot;jezivim svjedo\u010denjima&quot; kr&scaron;enja osnovnih prava zlostavljanih radnika u doma\u0107instvima&quot;.<\/p>\n<p>Agencija preporu\u010duje &scaron;ire radne inspekcije doma\u0107instava i pove\u0107anje kvota za imigraciju u zemljama u kojima postoji manjak radnika u doma\u0107instvima. <\/p>\n","protected":false},"excerpt":{"rendered":"<p>U izvje&scaron;taju Evropske unije objavljenom danas navodi se da se ilegalni imigranti koji rade u doma\u0107instvima u zemljama Unije \u010desto premla\u0107uju, seksualno zlostavljaju i prisiljavaju na prekomjerni rad dok im se pla\u0107a samo mali dio onoga &scaron;to bi primali da rade legalno. Agencija za osnovna ljudska prava sa sjedi&scaron;tem u Be\u010du zasnovala je svoje nalaze [&hellip;]<\/p>\n","protected":false},"author":1,"featured_media":0,"comment_status":"open","ping_status":"closed","sticky":false,"template":"","format":"standard","meta":{"_seopress_robots_primary_cat":"","_seopress_titles_title":"","_seopress_titles_desc":"","_seopress_robots_index":"","_et_pb_use_builder":"","_et_pb_old_content":"","_et_gb_content_width":"","inline_featured_image":false,"footnotes":""},"categories":[14],"tags":[],"class_list":["post-43963","post","type-post","status-publish","format-standard","hentry","category-vijesti"],"_links":{"self":[{"href":"https:\/\/www.pcnen.com\/portal\/wp-json\/wp\/v2\/posts\/43963","targetHints":{"allow":["GET"]}}],"collection":[{"href":"https:\/\/www.pcnen.com\/portal\/wp-json\/wp\/v2\/posts"}],"about":[{"href":"https:\/\/www.pcnen.com\/portal\/wp-json\/wp\/v2\/types\/post"}],"author":[{"embeddable":true,"href":"https:\/\/www.pcnen.com\/portal\/wp-json\/wp\/v2\/users\/1"}],"replies":[{"embeddable":true,"href":"https:\/\/www.pcnen.com\/portal\/wp-json\/wp\/v2\/comments?post=43963"}],"version-history":[{"count":0,"href":"https:\/\/www.pcnen.com\/portal\/wp-json\/wp\/v2\/posts\/43963\/revisions"}],"wp:attachment":[{"href":"https:\/\/www.pcnen.com\/portal\/wp-json\/wp\/v2\/media?parent=43963"}],"wp:term":[{"taxonomy":"category","embeddable":true,"href":"https:\/\/www.pcnen.com\/portal\/wp-json\/wp\/v2\/categories?post=43963"},{"taxonomy":"post_tag","embeddable":true,"href":"https:\/\/www.pcnen.com\/portal\/wp-json\/wp\/v2\/tags?post=43963"}],"curies":[{"name":"wp","href":"https:\/\/api.w.org\/{rel}","templated":true}]}}