{"id":43961,"date":"2011-07-05T16:27:08","date_gmt":"2011-07-05T16:27:08","guid":{"rendered":"http:\/\/www.pcnen.com\/portal\/?p=43961"},"modified":"2011-07-05T16:27:08","modified_gmt":"2011-07-05T16:27:08","slug":"evropski-tuzilac-vodi-istragu-o-trgovini-organima","status":"publish","type":"post","link":"https:\/\/www.pcnen.com\/portal\/2011\/07\/05\/evropski-tuzilac-vodi-istragu-o-trgovini-organima\/","title":{"rendered":"Evropski tu\u017eilac vodi istragu o trgovini organima"},"content":{"rendered":"<p><!--[if gte mso 9]><xml>  <w:WordDocument>   <w:View>Normal<\/w:View>   <w:Zoom>0<\/w:Zoom>   <w:PunctuationKerning\/>   <w:ValidateAgainstSchemas\/>   <w:SaveIfXMLInvalid>false<\/w:SaveIfXMLInvalid>   <w:IgnoreMixedContent>false<\/w:IgnoreMixedContent>   <w:AlwaysShowPlaceholderText>false<\/w:AlwaysShowPlaceholderText>   <w:Compatibility>    <w:BreakWrappedTables\/>    <w:SnapToGridInCell\/>    <w:WrapTextWithPunct\/>    <w:UseAsianBreakRules\/>    <w:DontGrowAutofit\/>   <\/w:Compatibility>   <w:BrowserLevel>MicrosoftInternetExplorer4<\/w:BrowserLevel>  <\/w:WordDocument> <\/xml><![endif]--><!--[if gte mso 9]><xml>  <w:LatentStyles DefLockedState=\"false\" LatentStyleCount=\"156\">  <\/w:LatentStyles> <\/xml><![endif]--><!--[if gte mso 10]> \n\n<style>  \/* Style Definitions *\/  table.MsoNormalTable \t{mso-style-name:\"Table Normal\"; \tmso-tstyle-rowband-size:0; \tmso-tstyle-colband-size:0; \tmso-style-noshow:yes; \tmso-style-parent:\"\"; \tmso-padding-alt:0in 5.4pt 0in 5.4pt; \tmso-para-margin:0in; \tmso-para-margin-bottom:.0001pt; \tmso-pagination:widow-orphan; \tfont-size:10.0pt; \tfont-family:\"Times New Roman\"; \tmso-ansi-language:#0400; \tmso-fareast-language:#0400; \tmso-bidi-language:#0400;} <\/style>\n\n <![endif]--><\/p>\n<p class=\"MsoNormal\">Na \u010delu specijalnog tima Euleksa za istragu navoda Savjeta Evrope o trgovini organima ubijenih zarobljenika na Kosovu bi\u0107e &quot;jedan visoki evropski tu\u017eilac me\u0111unardonog ugleda&quot;, saznaje agencija Beta u me\u0111unarodnim i evropskim diplomatskim izvorima u Briselu, prenosi Blic on line. <\/p>\n<p class=\"MsoNormal\">Zbog ranijih slu\u010dajeva zastra&scaron;ivanja i ubijanja svjedoka u sudskim postupcima na Kosovu i na Ha&scaron;kom sudu, Euleks uveliko radi i na stvaranju posebne mre\u017ee za&scaron;tite svjedoka koji bi mogli, uglavnom, biti smje&scaron;teni &quot;na bezbjednom&quot; izvan Kosova, u nekim evropskim zemljama. <\/p>\n<p class=\"MsoNormal\">EU je odlu\u010dna da istraje na tome da je EU u stanju da odigra klju\u010dnu ulogu na Kosovu i da je Euleks sposoban da sprovede takvu istragu, pa je zato jednoglasno podr\u017eano formiranje &quot;posebnog tima&quot; Euleksa za istragu navoda SE.<\/p>\n","protected":false},"excerpt":{"rendered":"<p>Na \u010delu specijalnog tima Euleksa za istragu navoda Savjeta Evrope o trgovini organima ubijenih zarobljenika na Kosovu bi\u0107e &quot;jedan visoki evropski tu\u017eilac me\u0111unardonog ugleda&quot;, saznaje agencija Beta u me\u0111unarodnim i evropskim diplomatskim izvorima u Briselu, prenosi Blic on line. Zbog ranijih slu\u010dajeva zastra&scaron;ivanja i ubijanja svjedoka u sudskim postupcima na Kosovu i na Ha&scaron;kom sudu, [&hellip;]<\/p>\n","protected":false},"author":1,"featured_media":0,"comment_status":"open","ping_status":"closed","sticky":false,"template":"","format":"standard","meta":{"_seopress_robots_primary_cat":"","_seopress_titles_title":"","_seopress_titles_desc":"","_seopress_robots_index":"","_et_pb_use_builder":"","_et_pb_old_content":"","_et_gb_content_width":"","inline_featured_image":false,"footnotes":""},"categories":[14],"tags":[],"class_list":["post-43961","post","type-post","status-publish","format-standard","hentry","category-vijesti"],"_links":{"self":[{"href":"https:\/\/www.pcnen.com\/portal\/wp-json\/wp\/v2\/posts\/43961","targetHints":{"allow":["GET"]}}],"collection":[{"href":"https:\/\/www.pcnen.com\/portal\/wp-json\/wp\/v2\/posts"}],"about":[{"href":"https:\/\/www.pcnen.com\/portal\/wp-json\/wp\/v2\/types\/post"}],"author":[{"embeddable":true,"href":"https:\/\/www.pcnen.com\/portal\/wp-json\/wp\/v2\/users\/1"}],"replies":[{"embeddable":true,"href":"https:\/\/www.pcnen.com\/portal\/wp-json\/wp\/v2\/comments?post=43961"}],"version-history":[{"count":0,"href":"https:\/\/www.pcnen.com\/portal\/wp-json\/wp\/v2\/posts\/43961\/revisions"}],"wp:attachment":[{"href":"https:\/\/www.pcnen.com\/portal\/wp-json\/wp\/v2\/media?parent=43961"}],"wp:term":[{"taxonomy":"category","embeddable":true,"href":"https:\/\/www.pcnen.com\/portal\/wp-json\/wp\/v2\/categories?post=43961"},{"taxonomy":"post_tag","embeddable":true,"href":"https:\/\/www.pcnen.com\/portal\/wp-json\/wp\/v2\/tags?post=43961"}],"curies":[{"name":"wp","href":"https:\/\/api.w.org\/{rel}","templated":true}]}}