{"id":43960,"date":"2011-07-05T16:09:56","date_gmt":"2011-07-05T16:09:56","guid":{"rendered":"http:\/\/www.pcnen.com\/portal\/?p=43960"},"modified":"2011-07-05T16:09:56","modified_gmt":"2011-07-05T16:09:56","slug":"povecan-broj-crnogorskih-vojnika-u-avganistanu","status":"publish","type":"post","link":"https:\/\/www.pcnen.com\/portal\/2011\/07\/05\/povecan-broj-crnogorskih-vojnika-u-avganistanu\/","title":{"rendered":"Pove\u0107an broj crnogorskih vojnika u Avganistanu"},"content":{"rendered":"<p>Crnogorski ministar odbrane Boro Vu\u010dini\u0107 je objasnio da je pove\u0107anje pripadnika VCG u me\u0111unarodnoj vojnoj misiji u Avganistanu predlo\u017eeno zbog uklju\u010denja u Vojno-policijsku &scaron;kolu u Kabulu. <\/p>\n<p>Odluku o pove\u0107enju broja vojnika u Avganistanu podr\u017eali su poslanici vladaju\u0107e koalicije i albanskih nacionalnih partija, dok su predstavnici Socijalisti\u010dke narodna partije, Nove srpske demokratije i Pokreta za promjene bili protiv.<\/p>\n","protected":false},"excerpt":{"rendered":"<p>Crnogorski vojni kontingent u Avganistanu bi\u0107e pove\u0107an za pet vojnika, pa \u0107e ukupan broj pripadnika Vojske Crne Gore u toj zemlji biti 45, odlu\u010dila je danas Skup&scaron;tina.<\/p>\n","protected":false},"author":1,"featured_media":0,"comment_status":"open","ping_status":"closed","sticky":false,"template":"","format":"standard","meta":{"_seopress_robots_primary_cat":"","_seopress_titles_title":"","_seopress_titles_desc":"","_seopress_robots_index":"","_et_pb_use_builder":"","_et_pb_old_content":"","_et_gb_content_width":"","inline_featured_image":false,"footnotes":""},"categories":[14],"tags":[],"class_list":["post-43960","post","type-post","status-publish","format-standard","hentry","category-vijesti"],"_links":{"self":[{"href":"https:\/\/www.pcnen.com\/portal\/wp-json\/wp\/v2\/posts\/43960","targetHints":{"allow":["GET"]}}],"collection":[{"href":"https:\/\/www.pcnen.com\/portal\/wp-json\/wp\/v2\/posts"}],"about":[{"href":"https:\/\/www.pcnen.com\/portal\/wp-json\/wp\/v2\/types\/post"}],"author":[{"embeddable":true,"href":"https:\/\/www.pcnen.com\/portal\/wp-json\/wp\/v2\/users\/1"}],"replies":[{"embeddable":true,"href":"https:\/\/www.pcnen.com\/portal\/wp-json\/wp\/v2\/comments?post=43960"}],"version-history":[{"count":0,"href":"https:\/\/www.pcnen.com\/portal\/wp-json\/wp\/v2\/posts\/43960\/revisions"}],"wp:attachment":[{"href":"https:\/\/www.pcnen.com\/portal\/wp-json\/wp\/v2\/media?parent=43960"}],"wp:term":[{"taxonomy":"category","embeddable":true,"href":"https:\/\/www.pcnen.com\/portal\/wp-json\/wp\/v2\/categories?post=43960"},{"taxonomy":"post_tag","embeddable":true,"href":"https:\/\/www.pcnen.com\/portal\/wp-json\/wp\/v2\/tags?post=43960"}],"curies":[{"name":"wp","href":"https:\/\/api.w.org\/{rel}","templated":true}]}}