{"id":43956,"date":"2011-07-05T11:56:39","date_gmt":"2011-07-05T11:56:39","guid":{"rendered":"http:\/\/www.pcnen.com\/portal\/?p=43956"},"modified":"2011-07-05T11:56:39","modified_gmt":"2011-07-05T11:56:39","slug":"sud-holandija-odgovorna-za-smrt-tri-bosnjaka-u-srebrenici","status":"publish","type":"post","link":"https:\/\/www.pcnen.com\/portal\/2011\/07\/05\/sud-holandija-odgovorna-za-smrt-tri-bosnjaka-u-srebrenici\/","title":{"rendered":"Sud: Holandija odgovorna za smrt tri Bo\u0161njaka u Srebrenici"},"content":{"rendered":"<p>Dr\u017eava Holandija je odgovorna za smrt troje Bo&scaron;njaka koji su ubijeni u genocidu u Srebrenici 1995. godine. Sud je naredio da Holandija rodbini srebreni\u010dkih \u017ertava plati od&scaron;tetu.<\/p>\n<p>Holandski Apelacioni sud je danas odlu\u010divao o \u017ealbi koju su pre\u017eivjele \u017ertve srebreni\u010dkog genocida ulo\u017eile na presudu Okru\u017enog suda koja glasi da Holandija nije povrijedila obavezu da za&scaron;titi njihove bli\u017enje time &scaron;to ih je predala snagama vojske bosanskih Srba pod zapovjedni&scaron;tvom Ratka Mladi\u0107a.<\/p>\n<p>Sud je utvrdio da je Holandija odgovorna za smrt \u010dlanova porodice Hasana Nuhanovi\u0107a, prevodioca Ujedinjenih nacija, koji je u genocidu izgubio oca, majku i mla\u0111eg brata, te za smrt bli\u017enjih Rize Mustafi\u0107a koji je bio zaposlen kod holandskog bataljona za&scaron;titnih trupa Ujedinjenih nacija.<\/p>\n<p>&quot;Sud je donio odluku da je dr\u017eava Holandija odgovorna za smrt ovih ljudi, jer ih je holandski kontingent mirovnih snaga UN predao&quot;, saop&scaron;teno je.<\/p>\n","protected":false},"excerpt":{"rendered":"<p>Dr\u017eava Holandija je odgovorna za smrt troje Bo&scaron;njaka koji su ubijeni u genocidu u Srebrenici 1995. godine. Sud je naredio da Holandija rodbini srebreni\u010dkih \u017ertava plati od&scaron;tetu. Holandski Apelacioni sud je danas odlu\u010divao o \u017ealbi koju su pre\u017eivjele \u017ertve srebreni\u010dkog genocida ulo\u017eile na presudu Okru\u017enog suda koja glasi da Holandija nije povrijedila obavezu da za&scaron;titi [&hellip;]<\/p>\n","protected":false},"author":1,"featured_media":0,"comment_status":"open","ping_status":"closed","sticky":false,"template":"","format":"standard","meta":{"_seopress_robots_primary_cat":"","_seopress_titles_title":"","_seopress_titles_desc":"","_seopress_robots_index":"","_et_pb_use_builder":"","_et_pb_old_content":"","_et_gb_content_width":"","inline_featured_image":false,"footnotes":""},"categories":[14],"tags":[],"class_list":["post-43956","post","type-post","status-publish","format-standard","hentry","category-vijesti"],"_links":{"self":[{"href":"https:\/\/www.pcnen.com\/portal\/wp-json\/wp\/v2\/posts\/43956","targetHints":{"allow":["GET"]}}],"collection":[{"href":"https:\/\/www.pcnen.com\/portal\/wp-json\/wp\/v2\/posts"}],"about":[{"href":"https:\/\/www.pcnen.com\/portal\/wp-json\/wp\/v2\/types\/post"}],"author":[{"embeddable":true,"href":"https:\/\/www.pcnen.com\/portal\/wp-json\/wp\/v2\/users\/1"}],"replies":[{"embeddable":true,"href":"https:\/\/www.pcnen.com\/portal\/wp-json\/wp\/v2\/comments?post=43956"}],"version-history":[{"count":0,"href":"https:\/\/www.pcnen.com\/portal\/wp-json\/wp\/v2\/posts\/43956\/revisions"}],"wp:attachment":[{"href":"https:\/\/www.pcnen.com\/portal\/wp-json\/wp\/v2\/media?parent=43956"}],"wp:term":[{"taxonomy":"category","embeddable":true,"href":"https:\/\/www.pcnen.com\/portal\/wp-json\/wp\/v2\/categories?post=43956"},{"taxonomy":"post_tag","embeddable":true,"href":"https:\/\/www.pcnen.com\/portal\/wp-json\/wp\/v2\/tags?post=43956"}],"curies":[{"name":"wp","href":"https:\/\/api.w.org\/{rel}","templated":true}]}}