{"id":43952,"date":"2011-07-05T11:35:52","date_gmt":"2011-07-05T11:35:52","guid":{"rendered":"http:\/\/www.pcnen.com\/portal\/?p=43952"},"modified":"2011-07-05T11:35:52","modified_gmt":"2011-07-05T11:35:52","slug":"srpski-rvaci-povrijedeni-u-udesu-u-madarskoj","status":"publish","type":"post","link":"https:\/\/www.pcnen.com\/portal\/2011\/07\/05\/srpski-rvaci-povrijedeni-u-udesu-u-madarskoj\/","title":{"rendered":"Srpski rva\u010di povrije\u0111eni u udesu u Ma\u0111arskoj"},"content":{"rendered":"<p>Minibus sa srpskim registarskim tablicama skrenuo je ju\u010de popodne sa autoputa M5 kod mjesta Lajo&scaron;mi\u017ee, na 59 kilometara od Budimpe&scaron;te u Ma\u0111arskoj i prevrnuo se, a povrije\u0111ena su &scaron;estorica rva\u010da iz Srbije koji su se nalazili u kombiju, saop&scaron;tila je ma\u0111arskoj novinskoj agenciji MTI tamo&scaron;nja policija. <\/p>\n<p>Prema inforamcijama <em>Blica<\/em>, najte\u017ee povre\u0111eni Milo&scaron; Amid\u017ei\u0107 iz Novog Sada je helikopterom preba\u010den u bolnicu i u kriti\u010dnom je stanju, dok su \u010detvorica mladi\u0107a te&scaron;ko povrije\u0111ena, a jedan lak&scaron;e. <\/p>\n<p>Me\u0111u povrije\u0111enima su jo&scaron; Tama&scaron; Na\u0111 iz Sente, Kristijan Gazdag iz Kanji\u017ee, Roland Bin iz Subotice i Nemanja Pavlovi\u0107 iz Novog Sada. &nbsp;&nbsp;<\/p>\n<p>Portparol Ma\u0111arskog rva\u010dkog saveza I&scaron;tvan Seke&scaron; saop&scaron;tio je za MTI da su povre\u0111eni u udesu bili pripadnici&nbsp; omladinskog rva\u010dkog tima Srbije, koji su putovali na priprema u Ma\u0111arsku. <\/p>\n","protected":false},"excerpt":{"rendered":"<p>Minibus sa srpskim registarskim tablicama skrenuo je ju\u010de popodne sa autoputa M5 kod mjesta Lajo&scaron;mi\u017ee, na 59 kilometara od Budimpe&scaron;te u Ma\u0111arskoj i prevrnuo se, a povrije\u0111ena su &scaron;estorica rva\u010da iz Srbije koji su se nalazili u kombiju, saop&scaron;tila je ma\u0111arskoj novinskoj agenciji MTI tamo&scaron;nja policija. Prema inforamcijama Blica, najte\u017ee povre\u0111eni Milo&scaron; Amid\u017ei\u0107 iz Novog [&hellip;]<\/p>\n","protected":false},"author":1,"featured_media":0,"comment_status":"open","ping_status":"closed","sticky":false,"template":"","format":"standard","meta":{"_seopress_robots_primary_cat":"","_seopress_titles_title":"","_seopress_titles_desc":"","_seopress_robots_index":"","_et_pb_use_builder":"","_et_pb_old_content":"","_et_gb_content_width":"","inline_featured_image":false,"footnotes":""},"categories":[14],"tags":[],"class_list":["post-43952","post","type-post","status-publish","format-standard","hentry","category-vijesti"],"_links":{"self":[{"href":"https:\/\/www.pcnen.com\/portal\/wp-json\/wp\/v2\/posts\/43952","targetHints":{"allow":["GET"]}}],"collection":[{"href":"https:\/\/www.pcnen.com\/portal\/wp-json\/wp\/v2\/posts"}],"about":[{"href":"https:\/\/www.pcnen.com\/portal\/wp-json\/wp\/v2\/types\/post"}],"author":[{"embeddable":true,"href":"https:\/\/www.pcnen.com\/portal\/wp-json\/wp\/v2\/users\/1"}],"replies":[{"embeddable":true,"href":"https:\/\/www.pcnen.com\/portal\/wp-json\/wp\/v2\/comments?post=43952"}],"version-history":[{"count":0,"href":"https:\/\/www.pcnen.com\/portal\/wp-json\/wp\/v2\/posts\/43952\/revisions"}],"wp:attachment":[{"href":"https:\/\/www.pcnen.com\/portal\/wp-json\/wp\/v2\/media?parent=43952"}],"wp:term":[{"taxonomy":"category","embeddable":true,"href":"https:\/\/www.pcnen.com\/portal\/wp-json\/wp\/v2\/categories?post=43952"},{"taxonomy":"post_tag","embeddable":true,"href":"https:\/\/www.pcnen.com\/portal\/wp-json\/wp\/v2\/tags?post=43952"}],"curies":[{"name":"wp","href":"https:\/\/api.w.org\/{rel}","templated":true}]}}