{"id":43947,"date":"2011-07-05T10:21:26","date_gmt":"2011-07-05T10:21:26","guid":{"rendered":"http:\/\/www.pcnen.com\/portal\/?p=43947"},"modified":"2011-07-05T10:21:26","modified_gmt":"2011-07-05T10:21:26","slug":"danas-odluka-o-zalbi-prezivjelih-zrtava-srebrenickog-genocida","status":"publish","type":"post","link":"https:\/\/www.pcnen.com\/portal\/2011\/07\/05\/danas-odluka-o-zalbi-prezivjelih-zrtava-srebrenickog-genocida\/","title":{"rendered":"Danas odluka o \u017ealbi pre\u017eivjelih \u017ertava srebreni\u010dkog genocida"},"content":{"rendered":"<p>Holandski Apelacioni sud \u0107e danas u Hagu odlu\u010diti o \u017ealbi pre\u017eivjelih \u017ertava srebreni\u010dkog genocida, na presudu Okru\u017enog suda koja glasi da Holandija nije povrijedila obavezu da za&scaron;titi njihove bli\u017enje time &scaron;to ih je predala snagama vojske bosanskih Srba pod zapovjedni&scaron;tvom Ratka Mladi\u0107a, saop&scaron;teno je u Amsterdamu, iz Dru&scaron;tva za ugro\u017eene narode&nbsp; internacional.<\/p>\n<p>Holandija je zakazala u ispunjenju obaveze da za&scaron;titi \u017ertve genocida u Srebrenici, navedeno je u saop&scaron;tenju, prenosi Fena.<\/p>\n<p>Vojnicima holandskih &quot;plavih &scaron;ljemova&quot; stavlja se na teret da su skr&scaron;tenih ruku posmatrali kada su \u017eene i mlade djevojke odvo\u0111ene i silovane, a mu&scaron;karci i mladi\u0107i masovno poubijani.<\/p>\n<p>Tu\u017eioci u civilnom postupku tvrde da dokazi pokazuju da su holandske trupe donosile odluke izvan lanca komandovanja Ujedinjenih nacija.<\/p>\n<p>Ratko Mladi\u0107, komadant vojnih snaga bosanskih Srba, trenutno je pred Me\u0111unarodnim krivi\u010dnim sudom za biv&scaron;u Jugoslaviju koji ga tereti za ratne zlo\u010dine uklju\u010duju\u0107i genocid u Srebrenici, saop&scaron;teno je iz Dru&scaron;tva za ugro\u017eene narode.<\/p>\n","protected":false},"excerpt":{"rendered":"<p>Holandski Apelacioni sud \u0107e danas u Hagu odlu\u010diti o \u017ealbi pre\u017eivjelih \u017ertava srebreni\u010dkog genocida, na presudu Okru\u017enog suda koja glasi da Holandija nije povrijedila obavezu da za&scaron;titi njihove bli\u017enje time &scaron;to ih je predala snagama vojske bosanskih Srba pod zapovjedni&scaron;tvom Ratka Mladi\u0107a, saop&scaron;teno je u Amsterdamu, iz Dru&scaron;tva za ugro\u017eene narode&nbsp; internacional. Holandija je zakazala [&hellip;]<\/p>\n","protected":false},"author":1,"featured_media":0,"comment_status":"open","ping_status":"closed","sticky":false,"template":"","format":"standard","meta":{"_seopress_robots_primary_cat":"","_seopress_titles_title":"","_seopress_titles_desc":"","_seopress_robots_index":"","_et_pb_use_builder":"","_et_pb_old_content":"","_et_gb_content_width":"","inline_featured_image":false,"footnotes":""},"categories":[14],"tags":[],"class_list":["post-43947","post","type-post","status-publish","format-standard","hentry","category-vijesti"],"_links":{"self":[{"href":"https:\/\/www.pcnen.com\/portal\/wp-json\/wp\/v2\/posts\/43947","targetHints":{"allow":["GET"]}}],"collection":[{"href":"https:\/\/www.pcnen.com\/portal\/wp-json\/wp\/v2\/posts"}],"about":[{"href":"https:\/\/www.pcnen.com\/portal\/wp-json\/wp\/v2\/types\/post"}],"author":[{"embeddable":true,"href":"https:\/\/www.pcnen.com\/portal\/wp-json\/wp\/v2\/users\/1"}],"replies":[{"embeddable":true,"href":"https:\/\/www.pcnen.com\/portal\/wp-json\/wp\/v2\/comments?post=43947"}],"version-history":[{"count":0,"href":"https:\/\/www.pcnen.com\/portal\/wp-json\/wp\/v2\/posts\/43947\/revisions"}],"wp:attachment":[{"href":"https:\/\/www.pcnen.com\/portal\/wp-json\/wp\/v2\/media?parent=43947"}],"wp:term":[{"taxonomy":"category","embeddable":true,"href":"https:\/\/www.pcnen.com\/portal\/wp-json\/wp\/v2\/categories?post=43947"},{"taxonomy":"post_tag","embeddable":true,"href":"https:\/\/www.pcnen.com\/portal\/wp-json\/wp\/v2\/tags?post=43947"}],"curies":[{"name":"wp","href":"https:\/\/api.w.org\/{rel}","templated":true}]}}