{"id":43943,"date":"2011-07-04T21:50:20","date_gmt":"2011-07-04T21:50:20","guid":{"rendered":"http:\/\/www.pcnen.com\/portal\/?p=43943"},"modified":"2011-07-04T21:50:20","modified_gmt":"2011-07-04T21:50:20","slug":"advokati-otkazali-punomocje-parohu-smiljicu","status":"publish","type":"post","link":"https:\/\/www.pcnen.com\/portal\/2011\/07\/04\/advokati-otkazali-punomocje-parohu-smiljicu\/","title":{"rendered":"Advokati otkazali punomo\u0107je parohu Smilji\u0107u"},"content":{"rendered":"<p>Advokati Milorad Bojovi\u0107 i Veselin Kova\u010devi\u0107 otkazali su punomo\u0107je svojim branjenicima &#8211; parohu pa&scaron;trovskom Sini&scaron;i Smilji\u0107u i \u010detvorici \u010dlanova Odbora za obnovu hramova na Svetom Stefanu zbog, kako su naveli, unaprijed donijete odluke o njihovoj krivici. <\/p>\n<p>Advokati su agenciji Mina rekli da ne \u017eele da daju legitimitet procesu, koji ima sve karakteristike unaprijed donijete odluke o krivici nevinih, \u010dasnih i vjeruju\u0107ih ljudi. <\/p>\n<p>Sudski proces vodi se protiv paroha Smilji\u0107a, koji je 29. juna deportovan iz Crne Gore, kao i mje&scaron;tana Svetog Stefana &#8211; Krsta Radjenovi\u0107a, Vida Ra\u0111enovi\u0107a, Petra Kentere i Gorana \u0110ura&scaron;evi\u0107a. <\/p>\n","protected":false},"excerpt":{"rendered":"<p>Advokati Milorad Bojovi\u0107 i Veselin Kova\u010devi\u0107 otkazali su punomo\u0107je svojim branjenicima &#8211; parohu pa&scaron;trovskom Sini&scaron;i Smilji\u0107u i \u010detvorici \u010dlanova Odbora za obnovu hramova na Svetom Stefanu zbog, kako su naveli, unaprijed donijete odluke o njihovoj krivici. Advokati su agenciji Mina rekli da ne \u017eele da daju legitimitet procesu, koji ima sve karakteristike unaprijed donijete odluke [&hellip;]<\/p>\n","protected":false},"author":1,"featured_media":0,"comment_status":"open","ping_status":"closed","sticky":false,"template":"","format":"standard","meta":{"_seopress_robots_primary_cat":"","_seopress_titles_title":"","_seopress_titles_desc":"","_seopress_robots_index":"","_et_pb_use_builder":"","_et_pb_old_content":"","_et_gb_content_width":"","inline_featured_image":false,"footnotes":""},"categories":[14],"tags":[],"class_list":["post-43943","post","type-post","status-publish","format-standard","hentry","category-vijesti"],"_links":{"self":[{"href":"https:\/\/www.pcnen.com\/portal\/wp-json\/wp\/v2\/posts\/43943","targetHints":{"allow":["GET"]}}],"collection":[{"href":"https:\/\/www.pcnen.com\/portal\/wp-json\/wp\/v2\/posts"}],"about":[{"href":"https:\/\/www.pcnen.com\/portal\/wp-json\/wp\/v2\/types\/post"}],"author":[{"embeddable":true,"href":"https:\/\/www.pcnen.com\/portal\/wp-json\/wp\/v2\/users\/1"}],"replies":[{"embeddable":true,"href":"https:\/\/www.pcnen.com\/portal\/wp-json\/wp\/v2\/comments?post=43943"}],"version-history":[{"count":0,"href":"https:\/\/www.pcnen.com\/portal\/wp-json\/wp\/v2\/posts\/43943\/revisions"}],"wp:attachment":[{"href":"https:\/\/www.pcnen.com\/portal\/wp-json\/wp\/v2\/media?parent=43943"}],"wp:term":[{"taxonomy":"category","embeddable":true,"href":"https:\/\/www.pcnen.com\/portal\/wp-json\/wp\/v2\/categories?post=43943"},{"taxonomy":"post_tag","embeddable":true,"href":"https:\/\/www.pcnen.com\/portal\/wp-json\/wp\/v2\/tags?post=43943"}],"curies":[{"name":"wp","href":"https:\/\/api.w.org\/{rel}","templated":true}]}}