{"id":43922,"date":"2011-07-03T22:52:55","date_gmt":"2011-07-03T22:52:55","guid":{"rendered":"http:\/\/www.pcnen.com\/portal\/?p=43922"},"modified":"2011-07-03T22:52:55","modified_gmt":"2011-07-03T22:52:55","slug":"vdt-sjutra-na-kosovu","status":"publish","type":"post","link":"https:\/\/www.pcnen.com\/portal\/2011\/07\/03\/vdt-sjutra-na-kosovu\/","title":{"rendered":"VDT sjutra na Kosovu"},"content":{"rendered":"<p>Predsjednica Vrhovnog suda i Sudskog savjeta Vesna Medenica boravi\u0107e sjutra u zvani\u010dnoj posjeti Kosovu.<\/p>\n<p>Ona \u0107e, kako je saop&scaron;teno iz Vrhovnog suda, posjetiti Kosovo na poziv potpredsjednika Vlade i ministra pravde Kosova Hajredina Ku\u010dija, prenosi Mina.<\/p>\n<p>&quot;Tokom jednodnevne posjete Medenica \u0107e se u odvojenim sastancima susresti i sa najvi&scaron;im zvani\u010dnicima kosovskog pravosu\u0111a &#8211; predsjednikom Vrhovnog suda Fejzulahom Hasanijem, predsjedavaju\u0107im Sudskog savjeta Enverom Pecijem i dr\u017eavnim tu\u017eiocem Ismetom Kaba&scaron;ijem&quot;, ka\u017ee se u saop&scaron;tenju. <\/p>\n<p>Zvani\u010dna posjeta crnogorske delegacije sudija, kako je navdeno, ima za cilj preno&scaron;enje iskustava u dosada&scaron;njoj pravosudnoj reformi, rezultata rada sudova, kao i preduzetih mjera za uspostavu efikasnog sudstva.<\/p>\n","protected":false},"excerpt":{"rendered":"<p>Predsjednica Vrhovnog suda i Sudskog savjeta Vesna Medenica boravi\u0107e sjutra u zvani\u010dnoj posjeti Kosovu. Ona \u0107e, kako je saop&scaron;teno iz Vrhovnog suda, posjetiti Kosovo na poziv potpredsjednika Vlade i ministra pravde Kosova Hajredina Ku\u010dija, prenosi Mina. &quot;Tokom jednodnevne posjete Medenica \u0107e se u odvojenim sastancima susresti i sa najvi&scaron;im zvani\u010dnicima kosovskog pravosu\u0111a &#8211; predsjednikom Vrhovnog [&hellip;]<\/p>\n","protected":false},"author":1,"featured_media":0,"comment_status":"open","ping_status":"closed","sticky":false,"template":"","format":"standard","meta":{"_seopress_robots_primary_cat":"","_seopress_titles_title":"","_seopress_titles_desc":"","_seopress_robots_index":"","_et_pb_use_builder":"","_et_pb_old_content":"","_et_gb_content_width":"","inline_featured_image":false,"footnotes":""},"categories":[14],"tags":[],"class_list":["post-43922","post","type-post","status-publish","format-standard","hentry","category-vijesti"],"_links":{"self":[{"href":"https:\/\/www.pcnen.com\/portal\/wp-json\/wp\/v2\/posts\/43922","targetHints":{"allow":["GET"]}}],"collection":[{"href":"https:\/\/www.pcnen.com\/portal\/wp-json\/wp\/v2\/posts"}],"about":[{"href":"https:\/\/www.pcnen.com\/portal\/wp-json\/wp\/v2\/types\/post"}],"author":[{"embeddable":true,"href":"https:\/\/www.pcnen.com\/portal\/wp-json\/wp\/v2\/users\/1"}],"replies":[{"embeddable":true,"href":"https:\/\/www.pcnen.com\/portal\/wp-json\/wp\/v2\/comments?post=43922"}],"version-history":[{"count":0,"href":"https:\/\/www.pcnen.com\/portal\/wp-json\/wp\/v2\/posts\/43922\/revisions"}],"wp:attachment":[{"href":"https:\/\/www.pcnen.com\/portal\/wp-json\/wp\/v2\/media?parent=43922"}],"wp:term":[{"taxonomy":"category","embeddable":true,"href":"https:\/\/www.pcnen.com\/portal\/wp-json\/wp\/v2\/categories?post=43922"},{"taxonomy":"post_tag","embeddable":true,"href":"https:\/\/www.pcnen.com\/portal\/wp-json\/wp\/v2\/tags?post=43922"}],"curies":[{"name":"wp","href":"https:\/\/api.w.org\/{rel}","templated":true}]}}