{"id":43384,"date":"2011-06-05T12:57:04","date_gmt":"2011-06-05T12:57:04","guid":{"rendered":"http:\/\/www.pcnen.com\/portal\/?p=43384"},"modified":"2011-06-05T12:57:04","modified_gmt":"2011-06-05T12:57:04","slug":"podignuta-optuznica-za-ratne-zlocine-u-bijeljini","status":"publish","type":"post","link":"https:\/\/www.pcnen.com\/portal\/2011\/06\/05\/podignuta-optuznica-za-ratne-zlocine-u-bijeljini\/","title":{"rendered":"Podignuta optu\u017enica za ratne zlo\u010dine u Bijeljini"},"content":{"rendered":"<p>Optu\u017eeni Dragan Jovi\u0107, Zoran \u0110ur\u0111evi\u0107 i Alen Risti\u0107 terete se za ubistvo jednog Bo&scaron;njaka, vi&scaron;estruka silovanja dvije \u017eene, ro\u0111ake nastradalog, mu\u010denje i plja\u010dku te porodice.<\/p>\n<p>Tu\u017eila&scaron;tvo je predlo\u017eilo da se okrivljenima produ\u017ei pritvor.<\/p>\n<p>Optu\u017enica je podignuta u predmetu koji je Bosna i Hercegovina ustupila Srbiji na osnovu Zakona o me\u0111unarodnoj pravnoj pomo\u0107i u krivi\u010dnim stvarima.<\/p>\n","protected":false},"excerpt":{"rendered":"<p>Tu\u017eilastvo za ratne zlo\u010dine Srbije je podiglo optu\u017enicu protiv trojice srpskih dr\u017eavljana koji se terete za ratni zlo\u010din protiv civila u Bijeljini 14. juna 1992. godine, saop&scaron;teno je danas iz tog tu\u017eila&scaron;tva, prenosi RSE.<\/p>\n","protected":false},"author":1,"featured_media":0,"comment_status":"open","ping_status":"closed","sticky":false,"template":"","format":"standard","meta":{"_seopress_robots_primary_cat":"","_seopress_titles_title":"","_seopress_titles_desc":"","_seopress_robots_index":"","_et_pb_use_builder":"","_et_pb_old_content":"","_et_gb_content_width":"","inline_featured_image":false,"footnotes":""},"categories":[14],"tags":[],"class_list":["post-43384","post","type-post","status-publish","format-standard","hentry","category-vijesti"],"_links":{"self":[{"href":"https:\/\/www.pcnen.com\/portal\/wp-json\/wp\/v2\/posts\/43384","targetHints":{"allow":["GET"]}}],"collection":[{"href":"https:\/\/www.pcnen.com\/portal\/wp-json\/wp\/v2\/posts"}],"about":[{"href":"https:\/\/www.pcnen.com\/portal\/wp-json\/wp\/v2\/types\/post"}],"author":[{"embeddable":true,"href":"https:\/\/www.pcnen.com\/portal\/wp-json\/wp\/v2\/users\/1"}],"replies":[{"embeddable":true,"href":"https:\/\/www.pcnen.com\/portal\/wp-json\/wp\/v2\/comments?post=43384"}],"version-history":[{"count":0,"href":"https:\/\/www.pcnen.com\/portal\/wp-json\/wp\/v2\/posts\/43384\/revisions"}],"wp:attachment":[{"href":"https:\/\/www.pcnen.com\/portal\/wp-json\/wp\/v2\/media?parent=43384"}],"wp:term":[{"taxonomy":"category","embeddable":true,"href":"https:\/\/www.pcnen.com\/portal\/wp-json\/wp\/v2\/categories?post=43384"},{"taxonomy":"post_tag","embeddable":true,"href":"https:\/\/www.pcnen.com\/portal\/wp-json\/wp\/v2\/tags?post=43384"}],"curies":[{"name":"wp","href":"https:\/\/api.w.org\/{rel}","templated":true}]}}