{"id":43382,"date":"2011-06-05T09:43:59","date_gmt":"2011-06-05T09:43:59","guid":{"rendered":"http:\/\/www.pcnen.com\/portal\/?p=43382"},"modified":"2011-06-05T09:43:59","modified_gmt":"2011-06-05T09:43:59","slug":"uticajni-funkcioneri-sdp-nijesu-usli-u-glavni-odbor","status":"publish","type":"post","link":"https:\/\/www.pcnen.com\/portal\/2011\/06\/05\/uticajni-funkcioneri-sdp-nijesu-usli-u-glavni-odbor\/","title":{"rendered":"Uticajni funkcioneri SDP nijesu u\u0161li u Glavni odbor"},"content":{"rendered":"<p>Direktori Javnih preduze\u0107a Aerodromi Crne Gore i Morsko dobro Milovan \u0110uri\u010dkovi\u0107 i Rajko Barovi\u0107 nijesu vi&scaron;e u Glavnom odboru Socijaldemokratske partije, a u to strana\u010dko tijelo nije izabran ni istori\u010dar Novak Ad\u017ei\u0107, pi&scaron;u <em>Vijesti<\/em>.<\/p>\n<p>Nimenovani sagovornik toga dnevnika iz vrha partije tvrdi da uticajni funkcioneri nijesu ispali iz GO zbog nesuglasica, ve\u0107 da se radi o smjeni generacija.<\/p>\n","protected":false},"excerpt":{"rendered":"<p>Direktori Javnih preduze\u0107a Aerodromi Crne Gore i Morsko dobro Milovan \u0110uri\u010dkovi\u0107 i Rajko Barovi\u0107 nijesu vi&scaron;e u Glavnom odboru Socijaldemokratske partije, a u to strana\u010dko tijelo nije izabran ni istori\u010dar Novak Ad\u017ei\u0107, pi&scaron;u Vijesti. Nimenovani sagovornik toga dnevnika iz vrha partije tvrdi da uticajni funkcioneri nijesu ispali iz GO zbog nesuglasica, ve\u0107 da se radi [&hellip;]<\/p>\n","protected":false},"author":1,"featured_media":0,"comment_status":"open","ping_status":"closed","sticky":false,"template":"","format":"standard","meta":{"_seopress_robots_primary_cat":"","_seopress_titles_title":"","_seopress_titles_desc":"","_seopress_robots_index":"","_et_pb_use_builder":"","_et_pb_old_content":"","_et_gb_content_width":"","inline_featured_image":false,"footnotes":""},"categories":[14],"tags":[],"class_list":["post-43382","post","type-post","status-publish","format-standard","hentry","category-vijesti"],"_links":{"self":[{"href":"https:\/\/www.pcnen.com\/portal\/wp-json\/wp\/v2\/posts\/43382","targetHints":{"allow":["GET"]}}],"collection":[{"href":"https:\/\/www.pcnen.com\/portal\/wp-json\/wp\/v2\/posts"}],"about":[{"href":"https:\/\/www.pcnen.com\/portal\/wp-json\/wp\/v2\/types\/post"}],"author":[{"embeddable":true,"href":"https:\/\/www.pcnen.com\/portal\/wp-json\/wp\/v2\/users\/1"}],"replies":[{"embeddable":true,"href":"https:\/\/www.pcnen.com\/portal\/wp-json\/wp\/v2\/comments?post=43382"}],"version-history":[{"count":0,"href":"https:\/\/www.pcnen.com\/portal\/wp-json\/wp\/v2\/posts\/43382\/revisions"}],"wp:attachment":[{"href":"https:\/\/www.pcnen.com\/portal\/wp-json\/wp\/v2\/media?parent=43382"}],"wp:term":[{"taxonomy":"category","embeddable":true,"href":"https:\/\/www.pcnen.com\/portal\/wp-json\/wp\/v2\/categories?post=43382"},{"taxonomy":"post_tag","embeddable":true,"href":"https:\/\/www.pcnen.com\/portal\/wp-json\/wp\/v2\/tags?post=43382"}],"curies":[{"name":"wp","href":"https:\/\/api.w.org\/{rel}","templated":true}]}}