{"id":43381,"date":"2011-06-05T09:39:34","date_gmt":"2011-06-05T09:39:34","guid":{"rendered":"http:\/\/www.pcnen.com\/portal\/?p=43381"},"modified":"2011-06-05T09:39:34","modified_gmt":"2011-06-05T09:39:34","slug":"jevreji-i-arapi-zajedno-protiv-okupacije-palestine","status":"publish","type":"post","link":"https:\/\/www.pcnen.com\/portal\/2011\/06\/05\/jevreji-i-arapi-zajedno-protiv-okupacije-palestine\/","title":{"rendered":"Jevreji i Arapi zajedno protiv okupacije Palestine"},"content":{"rendered":"<p>Vi&scaron;e od 10.000 Izraelaca, Jevreja i Arapa, je minule ve\u010deri protestovalo u Tel-Avivu protiv nastavka okupacije palestinskih teritorija, obilje\u017eavaju\u0107i tako godi&scaron;njicu osvajanja tih teritorija tokom &Scaron;estodnevnog rata 1967. godine.<\/p>\n<p>Izraelska vojska je stavljena u stanje pripravnosti prije palestinskih protesta predvi\u0111enih za danas, na 44. godi&scaron;njicu poraza arapskih snaga od Izraela tokom &Scaron;estodnevnog rata.<\/p>\n<p>Poja\u010danja su poslana i na libansku granicu, na okupiranu Golansku visoravan, na granicu s Pojasom Gaze i Zapadnu obalu.<\/p>\n","protected":false},"excerpt":{"rendered":"<p>Vi&scaron;e od 10.000 Izraelaca, Jevreja i Arapa, je minule ve\u010deri protestovalo u Tel-Avivu protiv nastavka okupacije palestinskih teritorija, obilje\u017eavaju\u0107i tako godi&scaron;njicu osvajanja tih teritorija tokom &Scaron;estodnevnog rata 1967. godine. Izraelska vojska je stavljena u stanje pripravnosti prije palestinskih protesta predvi\u0111enih za danas, na 44. godi&scaron;njicu poraza arapskih snaga od Izraela tokom &Scaron;estodnevnog rata. Poja\u010danja su [&hellip;]<\/p>\n","protected":false},"author":1,"featured_media":0,"comment_status":"open","ping_status":"closed","sticky":false,"template":"","format":"standard","meta":{"_seopress_robots_primary_cat":"","_seopress_titles_title":"","_seopress_titles_desc":"","_seopress_robots_index":"","_et_pb_use_builder":"","_et_pb_old_content":"","_et_gb_content_width":"","inline_featured_image":false,"footnotes":""},"categories":[14],"tags":[],"class_list":["post-43381","post","type-post","status-publish","format-standard","hentry","category-vijesti"],"_links":{"self":[{"href":"https:\/\/www.pcnen.com\/portal\/wp-json\/wp\/v2\/posts\/43381","targetHints":{"allow":["GET"]}}],"collection":[{"href":"https:\/\/www.pcnen.com\/portal\/wp-json\/wp\/v2\/posts"}],"about":[{"href":"https:\/\/www.pcnen.com\/portal\/wp-json\/wp\/v2\/types\/post"}],"author":[{"embeddable":true,"href":"https:\/\/www.pcnen.com\/portal\/wp-json\/wp\/v2\/users\/1"}],"replies":[{"embeddable":true,"href":"https:\/\/www.pcnen.com\/portal\/wp-json\/wp\/v2\/comments?post=43381"}],"version-history":[{"count":0,"href":"https:\/\/www.pcnen.com\/portal\/wp-json\/wp\/v2\/posts\/43381\/revisions"}],"wp:attachment":[{"href":"https:\/\/www.pcnen.com\/portal\/wp-json\/wp\/v2\/media?parent=43381"}],"wp:term":[{"taxonomy":"category","embeddable":true,"href":"https:\/\/www.pcnen.com\/portal\/wp-json\/wp\/v2\/categories?post=43381"},{"taxonomy":"post_tag","embeddable":true,"href":"https:\/\/www.pcnen.com\/portal\/wp-json\/wp\/v2\/tags?post=43381"}],"curies":[{"name":"wp","href":"https:\/\/api.w.org\/{rel}","templated":true}]}}