{"id":43380,"date":"2011-06-05T09:28:44","date_gmt":"2011-06-05T09:28:44","guid":{"rendered":"http:\/\/www.pcnen.com\/portal\/?p=43380"},"modified":"2011-06-05T09:28:44","modified_gmt":"2011-06-05T09:28:44","slug":"vlasi-geopoliticka-karta-balkana-je-konacna","status":"publish","type":"post","link":"https:\/\/www.pcnen.com\/portal\/2011\/06\/05\/vlasi-geopoliticka-karta-balkana-je-konacna\/","title":{"rendered":"Vlasi: Geopoliti\u010dka karta Balkana je kona\u010dna"},"content":{"rendered":"<p>Autonomija za sjever Kosova nije nikakvo rje&scaron;enje. Jer, &scaron;ta je sjever Kosova? To su op&scaron;tine Leposavi\u0107, Zubin Potok i Zve\u010dane i &#8211; to je to. Ako neko misli da granica sjevera Kosova mo\u017ee da bude na rijeci Ibar, pa da se podijeli grad Mitrovica, Pri&scaron;tina nikada na to ne\u0107e pristati, rekao je Azem Vlasi u emisiji <em><a href=\"http:\/\/www.slobodnaevropa.org\/content\/most_da_li_ce_srbija_ikada_priznati_kosovo_draskovic_vlasi\/24215567.html\">Most <\/a><\/em>Radija Slobodna Evropa, u kojoj mu je sagovornik bio lider SPO Vuk Dra&scaron;kovi\u0107.<\/p>\n<p>Vlasi je ocijenio da je geopoliti\u010dka karta Balkana kona\u010dna, i da nema nikakvog specijalnog statusa ni za koga unutar Kosova. <\/p>\n","protected":false},"excerpt":{"rendered":"<p>Autonomija za sjever Kosova nije nikakvo rje&scaron;enje. Jer, &scaron;ta je sjever Kosova? To su op&scaron;tine Leposavi\u0107, Zubin Potok i Zve\u010dane i &#8211; to je to. Ako neko misli da granica sjevera Kosova mo\u017ee da bude na rijeci Ibar, pa da se podijeli grad Mitrovica, Pri&scaron;tina nikada na to ne\u0107e pristati, rekao je Azem Vlasi u [&hellip;]<\/p>\n","protected":false},"author":1,"featured_media":0,"comment_status":"open","ping_status":"closed","sticky":false,"template":"","format":"standard","meta":{"_seopress_robots_primary_cat":"","_seopress_titles_title":"","_seopress_titles_desc":"","_seopress_robots_index":"","_et_pb_use_builder":"","_et_pb_old_content":"","_et_gb_content_width":"","inline_featured_image":false,"footnotes":""},"categories":[14],"tags":[],"class_list":["post-43380","post","type-post","status-publish","format-standard","hentry","category-vijesti"],"_links":{"self":[{"href":"https:\/\/www.pcnen.com\/portal\/wp-json\/wp\/v2\/posts\/43380","targetHints":{"allow":["GET"]}}],"collection":[{"href":"https:\/\/www.pcnen.com\/portal\/wp-json\/wp\/v2\/posts"}],"about":[{"href":"https:\/\/www.pcnen.com\/portal\/wp-json\/wp\/v2\/types\/post"}],"author":[{"embeddable":true,"href":"https:\/\/www.pcnen.com\/portal\/wp-json\/wp\/v2\/users\/1"}],"replies":[{"embeddable":true,"href":"https:\/\/www.pcnen.com\/portal\/wp-json\/wp\/v2\/comments?post=43380"}],"version-history":[{"count":0,"href":"https:\/\/www.pcnen.com\/portal\/wp-json\/wp\/v2\/posts\/43380\/revisions"}],"wp:attachment":[{"href":"https:\/\/www.pcnen.com\/portal\/wp-json\/wp\/v2\/media?parent=43380"}],"wp:term":[{"taxonomy":"category","embeddable":true,"href":"https:\/\/www.pcnen.com\/portal\/wp-json\/wp\/v2\/categories?post=43380"},{"taxonomy":"post_tag","embeddable":true,"href":"https:\/\/www.pcnen.com\/portal\/wp-json\/wp\/v2\/tags?post=43380"}],"curies":[{"name":"wp","href":"https:\/\/api.w.org\/{rel}","templated":true}]}}