{"id":43373,"date":"2011-06-04T20:59:12","date_gmt":"2011-06-04T20:59:12","guid":{"rendered":"http:\/\/www.pcnen.com\/portal\/?p=43373"},"modified":"2011-06-04T20:59:12","modified_gmt":"2011-06-04T20:59:12","slug":"amfilohije-klintonu-tragovi-smrde-necovjestvom","status":"publish","type":"post","link":"https:\/\/www.pcnen.com\/portal\/2011\/06\/04\/amfilohije-klintonu-tragovi-smrde-necovjestvom\/","title":{"rendered":"Amfilohije: Klintonu tragovi smrde ne\u010dovje\u0161tvom"},"content":{"rendered":"<p>Mitropolit crnogorsko primorski Srpske pravoslavne crkve Amfilohije nazvao je danas biv&scaron;eg ameri\u010dkog predsjednika Bila Klintona &quot;vlastodr&scaron;cem \u010diji tragovi smrde ne\u010dovje&scaron;tvom&quot;.<\/p>\n<p>&quot;Bilo je kroz istoriju vlastodr\u017eaca \u010diji su tragovi smrdjeli ne\u010dovje&scaron;tvom. I dan danas smrde ne\u010dovje&scaron;tvom. Ovih dana tu je kod nas bio Klinton. Mo\u017eda on i oni koji su ga pozvali u Crnu Goru misle da mu \u010dovje&scaron;tvom smrde tragovi&quot;, kazao je Amfilohije na skupu povodom praznika Jovana Vladimira u Golubovcima, prenosi Beta.<\/p>\n<p>Mitropolit SPC-a je zamjerio Klintonu &scaron;to je Crnu Goru, zemlju &quot;koju je bombardovanjem zajedno sa Srbijom u crno zavio&quot;, u svom nedavnom obra\u0107anju u Budvi, nazvao Makedonijom. <\/p>\n<p>Amfilohije je rekao da &quot;nije svaki vlastodr\u017eac od boga, ve\u0107 samo onaj koji je tu vlast koristio na pravi na\u010din, saglasno bo\u017ejoj volji&quot;. <\/p>\n<p>Biv&scaron;i ameri\u010dki predsjednik boravio je 22. maja u Budvi, gdje je na poziv Atlas grupe odr\u017eao predavanje o potrebi umre\u017eavanja u cilju prevladavanja savremenih globalnih izazova.<\/p>\n","protected":false},"excerpt":{"rendered":"<p>Mitropolit crnogorsko primorski Srpske pravoslavne crkve Amfilohije nazvao je danas biv&scaron;eg ameri\u010dkog predsjednika Bila Klintona &quot;vlastodr&scaron;cem \u010diji tragovi smrde ne\u010dovje&scaron;tvom&quot;. &quot;Bilo je kroz istoriju vlastodr\u017eaca \u010diji su tragovi smrdjeli ne\u010dovje&scaron;tvom. I dan danas smrde ne\u010dovje&scaron;tvom. Ovih dana tu je kod nas bio Klinton. Mo\u017eda on i oni koji su ga pozvali u Crnu Goru misle [&hellip;]<\/p>\n","protected":false},"author":1,"featured_media":0,"comment_status":"open","ping_status":"closed","sticky":false,"template":"","format":"standard","meta":{"_seopress_robots_primary_cat":"","_seopress_titles_title":"","_seopress_titles_desc":"","_seopress_robots_index":"","_et_pb_use_builder":"","_et_pb_old_content":"","_et_gb_content_width":"","inline_featured_image":false,"footnotes":""},"categories":[14],"tags":[],"class_list":["post-43373","post","type-post","status-publish","format-standard","hentry","category-vijesti"],"_links":{"self":[{"href":"https:\/\/www.pcnen.com\/portal\/wp-json\/wp\/v2\/posts\/43373","targetHints":{"allow":["GET"]}}],"collection":[{"href":"https:\/\/www.pcnen.com\/portal\/wp-json\/wp\/v2\/posts"}],"about":[{"href":"https:\/\/www.pcnen.com\/portal\/wp-json\/wp\/v2\/types\/post"}],"author":[{"embeddable":true,"href":"https:\/\/www.pcnen.com\/portal\/wp-json\/wp\/v2\/users\/1"}],"replies":[{"embeddable":true,"href":"https:\/\/www.pcnen.com\/portal\/wp-json\/wp\/v2\/comments?post=43373"}],"version-history":[{"count":0,"href":"https:\/\/www.pcnen.com\/portal\/wp-json\/wp\/v2\/posts\/43373\/revisions"}],"wp:attachment":[{"href":"https:\/\/www.pcnen.com\/portal\/wp-json\/wp\/v2\/media?parent=43373"}],"wp:term":[{"taxonomy":"category","embeddable":true,"href":"https:\/\/www.pcnen.com\/portal\/wp-json\/wp\/v2\/categories?post=43373"},{"taxonomy":"post_tag","embeddable":true,"href":"https:\/\/www.pcnen.com\/portal\/wp-json\/wp\/v2\/tags?post=43373"}],"curies":[{"name":"wp","href":"https:\/\/api.w.org\/{rel}","templated":true}]}}