{"id":43372,"date":"2011-06-04T20:49:07","date_gmt":"2011-06-04T20:49:07","guid":{"rendered":"http:\/\/www.pcnen.com\/portal\/?p=43372"},"modified":"2011-06-04T20:49:07","modified_gmt":"2011-06-04T20:49:07","slug":"regionalna-vojna-vjezba-u-crnogorskim-vodama","status":"publish","type":"post","link":"https:\/\/www.pcnen.com\/portal\/2011\/06\/04\/regionalna-vojna-vjezba-u-crnogorskim-vodama\/","title":{"rendered":"Regionalna vojna vje\u017eba u crnogorskim vodama"},"content":{"rendered":"<p>U luci Bar i teritorijalnim vodama Crne Gore od 6. do 10. juna&nbsp; bi\u0107e odr\u017eana vojna vje\u017eba Adrion 11 Liveks, u kojoj \u0107e u\u010destvovati mornarice Crne Gore, Hrvatske, Albanije, Slovenije, Gr\u010dke i Italije.<\/p>\n<p>Crnogorsko Ministarstvo odbrane je saop&scaron;tilo da je to prva vje\u017ebi ovog tipa kojoj je Crna Gora doma\u0107in i koju njena vojska izvodi samostalno, uz kompletan planski proces, organizaciju i provo\u0111enje vje\u017ebe.<\/p>\n<p>Realizacija vje\u017ebe je, ocjenjuje se u saop&scaron;tenju, od izuzetnog zna\u010daja i neprocjenjivo iskustvo za oficire i jedinice Mornarice Vojske Crne Gore.<\/p>\n<p>&quot;Oni \u0107e biti u prilici da izvode vje\u017ebe sa NATO \u010dlanicama, planiraju i komanduju snagama po NATO doktrinama i standardima, usvajaju NATO standarde na svim nivoima, provjere obu\u010denosti deklarisanih snaga po partnerskim ciljevima i uspostave interresornu i interagencijsku saradnju&quot;, dodaje se u saop&scaron;tenju.<\/p>\n<p>Vje\u017eba \u0107e biti realizovana u tri faze &#8211; uplovljenje brodova u luku i integracija snaga, obuka na moru i analiza vje\u017ebe i odlazak snaga.<\/p>\n","protected":false},"excerpt":{"rendered":"<p>U luci Bar i teritorijalnim vodama Crne Gore od 6. do 10. juna&nbsp; bi\u0107e odr\u017eana vojna vje\u017eba Adrion 11 Liveks, u kojoj \u0107e u\u010destvovati mornarice Crne Gore, Hrvatske, Albanije, Slovenije, Gr\u010dke i Italije. Crnogorsko Ministarstvo odbrane je saop&scaron;tilo da je to prva vje\u017ebi ovog tipa kojoj je Crna Gora doma\u0107in i koju njena vojska izvodi [&hellip;]<\/p>\n","protected":false},"author":1,"featured_media":0,"comment_status":"open","ping_status":"closed","sticky":false,"template":"","format":"standard","meta":{"_seopress_robots_primary_cat":"","_seopress_titles_title":"","_seopress_titles_desc":"","_seopress_robots_index":"","_et_pb_use_builder":"","_et_pb_old_content":"","_et_gb_content_width":"","inline_featured_image":false,"footnotes":""},"categories":[14],"tags":[],"class_list":["post-43372","post","type-post","status-publish","format-standard","hentry","category-vijesti"],"_links":{"self":[{"href":"https:\/\/www.pcnen.com\/portal\/wp-json\/wp\/v2\/posts\/43372","targetHints":{"allow":["GET"]}}],"collection":[{"href":"https:\/\/www.pcnen.com\/portal\/wp-json\/wp\/v2\/posts"}],"about":[{"href":"https:\/\/www.pcnen.com\/portal\/wp-json\/wp\/v2\/types\/post"}],"author":[{"embeddable":true,"href":"https:\/\/www.pcnen.com\/portal\/wp-json\/wp\/v2\/users\/1"}],"replies":[{"embeddable":true,"href":"https:\/\/www.pcnen.com\/portal\/wp-json\/wp\/v2\/comments?post=43372"}],"version-history":[{"count":0,"href":"https:\/\/www.pcnen.com\/portal\/wp-json\/wp\/v2\/posts\/43372\/revisions"}],"wp:attachment":[{"href":"https:\/\/www.pcnen.com\/portal\/wp-json\/wp\/v2\/media?parent=43372"}],"wp:term":[{"taxonomy":"category","embeddable":true,"href":"https:\/\/www.pcnen.com\/portal\/wp-json\/wp\/v2\/categories?post=43372"},{"taxonomy":"post_tag","embeddable":true,"href":"https:\/\/www.pcnen.com\/portal\/wp-json\/wp\/v2\/tags?post=43372"}],"curies":[{"name":"wp","href":"https:\/\/api.w.org\/{rel}","templated":true}]}}