{"id":43370,"date":"2011-06-04T18:09:37","date_gmt":"2011-06-04T18:09:37","guid":{"rendered":"http:\/\/www.pcnen.com\/portal\/?p=43370"},"modified":"2011-06-04T18:09:37","modified_gmt":"2011-06-04T18:09:37","slug":"gej-parada-u-slovackoj","status":"publish","type":"post","link":"https:\/\/www.pcnen.com\/portal\/2011\/06\/04\/gej-parada-u-slovackoj\/","title":{"rendered":"Gej parada u Slova\u010dkoj"},"content":{"rendered":"<p>Uz jako policijsko obezbje\u0111enje vi&scaron;e stotina ljudi okupilo se u Bratislavi na drugoj paradi za prava homoseksualaca nazvanoj Duga Prajd.<\/p>\n<p>Kao i pro&scaron;le godine, ovogodi&scaron;nju paradu podr\u017eali su ambasadori 20 zemalja, uglavnom \u010dlanica EU.<\/p>\n<p>Vicepremijer zadu\u017een za ljudska prava i manjine Rudolf Hmel pred gej paradu u Slova\u010dkoj pozdravio je njeno odr\u017eavanje kao izraz razli\u010ditosti i priznanje dostojanstva i ravnopravnosti ljudima koji spadaju u seksualne manjine. <\/p>\n<p>Neonacisti i Slova\u010dko zajedni&scaron;tvo pozivali su preko interneta svoje pristalice da danas dodju u Bratislavu i sprije\u010de &quot;perverznjake da odr\u017ee svoj pohod gradom&quot;.<\/p>\n","protected":false},"excerpt":{"rendered":"<p>Uz jako policijsko obezbje\u0111enje vi&scaron;e stotina ljudi okupilo se u Bratislavi na drugoj paradi za prava homoseksualaca nazvanoj Duga Prajd. Kao i pro&scaron;le godine, ovogodi&scaron;nju paradu podr\u017eali su ambasadori 20 zemalja, uglavnom \u010dlanica EU. Vicepremijer zadu\u017een za ljudska prava i manjine Rudolf Hmel pred gej paradu u Slova\u010dkoj pozdravio je njeno odr\u017eavanje kao izraz razli\u010ditosti [&hellip;]<\/p>\n","protected":false},"author":1,"featured_media":0,"comment_status":"open","ping_status":"closed","sticky":false,"template":"","format":"standard","meta":{"_seopress_robots_primary_cat":"","_seopress_titles_title":"","_seopress_titles_desc":"","_seopress_robots_index":"","_et_pb_use_builder":"","_et_pb_old_content":"","_et_gb_content_width":"","inline_featured_image":false,"footnotes":""},"categories":[14],"tags":[],"class_list":["post-43370","post","type-post","status-publish","format-standard","hentry","category-vijesti"],"_links":{"self":[{"href":"https:\/\/www.pcnen.com\/portal\/wp-json\/wp\/v2\/posts\/43370","targetHints":{"allow":["GET"]}}],"collection":[{"href":"https:\/\/www.pcnen.com\/portal\/wp-json\/wp\/v2\/posts"}],"about":[{"href":"https:\/\/www.pcnen.com\/portal\/wp-json\/wp\/v2\/types\/post"}],"author":[{"embeddable":true,"href":"https:\/\/www.pcnen.com\/portal\/wp-json\/wp\/v2\/users\/1"}],"replies":[{"embeddable":true,"href":"https:\/\/www.pcnen.com\/portal\/wp-json\/wp\/v2\/comments?post=43370"}],"version-history":[{"count":0,"href":"https:\/\/www.pcnen.com\/portal\/wp-json\/wp\/v2\/posts\/43370\/revisions"}],"wp:attachment":[{"href":"https:\/\/www.pcnen.com\/portal\/wp-json\/wp\/v2\/media?parent=43370"}],"wp:term":[{"taxonomy":"category","embeddable":true,"href":"https:\/\/www.pcnen.com\/portal\/wp-json\/wp\/v2\/categories?post=43370"},{"taxonomy":"post_tag","embeddable":true,"href":"https:\/\/www.pcnen.com\/portal\/wp-json\/wp\/v2\/tags?post=43370"}],"curies":[{"name":"wp","href":"https:\/\/api.w.org\/{rel}","templated":true}]}}