{"id":43366,"date":"2011-06-04T12:19:24","date_gmt":"2011-06-04T12:19:24","guid":{"rendered":"http:\/\/www.pcnen.com\/portal\/?p=43366"},"modified":"2011-06-04T12:19:24","modified_gmt":"2011-06-04T12:19:24","slug":"umro-toro-culafic","status":"publish","type":"post","link":"https:\/\/www.pcnen.com\/portal\/2011\/06\/04\/umro-toro-culafic\/","title":{"rendered":"Umro Toro \u0106ulafi\u0107"},"content":{"rendered":"<p>Dobroslav Toro \u0106ulafi\u0107, biv&scaron;i istaknuti crnogorski i jugoslovenski dr\u017eavni i komunisti\u010dki funkcioner, umro je sino\u0107 u Podgorici u 86. godini.<\/p>\n<p>Du\u017enost saveznog sekretara za unutra&scaron;nje poslove SFR Jugoslavije (od 1984. do 1989. godine.) bila je posljednja u njegovoj politi\u010dkoj karijeri.<\/p>\n<p>\u0106ulafi\u0107 \u0107e biti sahranjen sjutra u Podgorici.<\/p>\n","protected":false},"excerpt":{"rendered":"<p>Dobroslav Toro \u0106ulafi\u0107, biv&scaron;i istaknuti crnogorski i jugoslovenski dr\u017eavni i komunisti\u010dki funkcioner, umro je sino\u0107 u Podgorici u 86. godini. Du\u017enost saveznog sekretara za unutra&scaron;nje poslove SFR Jugoslavije (od 1984. do 1989. godine.) bila je posljednja u njegovoj politi\u010dkoj karijeri. \u0106ulafi\u0107 \u0107e biti sahranjen sjutra u Podgorici.<\/p>\n","protected":false},"author":1,"featured_media":0,"comment_status":"open","ping_status":"closed","sticky":false,"template":"","format":"standard","meta":{"_seopress_robots_primary_cat":"","_seopress_titles_title":"","_seopress_titles_desc":"","_seopress_robots_index":"","_et_pb_use_builder":"","_et_pb_old_content":"","_et_gb_content_width":"","inline_featured_image":false,"footnotes":""},"categories":[14],"tags":[],"class_list":["post-43366","post","type-post","status-publish","format-standard","hentry","category-vijesti"],"_links":{"self":[{"href":"https:\/\/www.pcnen.com\/portal\/wp-json\/wp\/v2\/posts\/43366","targetHints":{"allow":["GET"]}}],"collection":[{"href":"https:\/\/www.pcnen.com\/portal\/wp-json\/wp\/v2\/posts"}],"about":[{"href":"https:\/\/www.pcnen.com\/portal\/wp-json\/wp\/v2\/types\/post"}],"author":[{"embeddable":true,"href":"https:\/\/www.pcnen.com\/portal\/wp-json\/wp\/v2\/users\/1"}],"replies":[{"embeddable":true,"href":"https:\/\/www.pcnen.com\/portal\/wp-json\/wp\/v2\/comments?post=43366"}],"version-history":[{"count":0,"href":"https:\/\/www.pcnen.com\/portal\/wp-json\/wp\/v2\/posts\/43366\/revisions"}],"wp:attachment":[{"href":"https:\/\/www.pcnen.com\/portal\/wp-json\/wp\/v2\/media?parent=43366"}],"wp:term":[{"taxonomy":"category","embeddable":true,"href":"https:\/\/www.pcnen.com\/portal\/wp-json\/wp\/v2\/categories?post=43366"},{"taxonomy":"post_tag","embeddable":true,"href":"https:\/\/www.pcnen.com\/portal\/wp-json\/wp\/v2\/tags?post=43366"}],"curies":[{"name":"wp","href":"https:\/\/api.w.org\/{rel}","templated":true}]}}