{"id":433615,"date":"2025-06-26T17:01:46","date_gmt":"2025-06-26T15:01:46","guid":{"rendered":"https:\/\/www.pcnen.com\/portal\/?p=433615"},"modified":"2025-06-26T17:01:46","modified_gmt":"2025-06-26T15:01:46","slug":"sindikat-medija-ostro-reagovao-na-optuzbe-sefa-poslanickog-kluba-demokrata-video","status":"publish","type":"post","link":"https:\/\/www.pcnen.com\/portal\/2025\/06\/26\/sindikat-medija-ostro-reagovao-na-optuzbe-sefa-poslanickog-kluba-demokrata-video\/","title":{"rendered":"Sindikat medija o\u0161tro reagovao na optu\u017ebe \u0161efa poslani\u010dkog kluba Demokrata (video)"},"content":{"rendered":"<p>Sindikat medija CG je najo\u0161trije osudio izjavu \u0161efa poslani\u010dkog kluba Demokratske Crne Gore <strong>Borisa Bogdanovi\u0107a<\/strong> u kojoj je iznio optu\u017ebe na ra\u010dun novinara tri crnogorska medija, tvrde\u0107i da se nalaze na platnom spisku kriminalnih klanova.<\/p>\n<p><iframe loading=\"lazy\" title=\"YouTube video player\" src=\"https:\/\/www.youtube.com\/embed\/woF-dZZwHOE?si=TAhcDxfYt8aAROlv\" width=\"560\" height=\"315\" frameborder=\"0\" allowfullscreen=\"allowfullscreen\"><\/iframe><\/p>\n<p>&#8220;Bogdanovi\u0107 bi, kao nosilac javne rije\u010di i funkcioner vlasti, trebalo da zna da takve optu\u017ebe, ako su izre\u010dene bez dokaza, predstavljaju grubo targetiranje novinara i medija. Takva retorika nije samo neprihvatljiva, ve\u0107 i krajnje neodgovorna, jer dolazi sa pozicije koja zahtijeva uzdr\u017eanost, argumentovanost i po\u0161tovanje prema slobodi medija.<\/p>\n<p>Ovo nije prvi put da iz redova Demokratske Crne Gore dolaze verbalni napadi na novinare pojedinih medija. Ti napadi mogu naru\u0161iti profesionalni integritet novinara i dodatno oslabiti slobodu izra\u017eavanja u dru\u0161tvu koje se i dalje bori sa pritiscima na nezavisno novinarstvo&#8221;, re\u010deno je u reagovanju Sindikata medija.<\/p>\n<p>Sindikat poziva Bogdanovi\u0107a &#8220;da prekine sa targetiranjem novinara i da umjesto podsticanja nepovjerenja i neprijateljstva prema medijima, doprinese stvaranju ambijenta u kojem su sloboda izra\u017eavanja i medijski pluralizam za\u0161ti\u0107eni&#8221;.<\/p>\n<p>&nbsp;<\/p>\n","protected":false},"excerpt":{"rendered":"<p>Sindikat medija CG je najo\u0161trije osudio izjavu \u0161efa poslani\u010dkog kluba Demokratske Crne Gore Borisa Bogdanovi\u0107a u kojoj je iznio optu\u017ebe na ra\u010dun novinara tri crnogorska medija, tvrde\u0107i da se nalaze na platnom spisku kriminalnih klanova<\/p>\n","protected":false},"author":1,"featured_media":305663,"comment_status":"open","ping_status":"closed","sticky":false,"template":"","format":"standard","meta":{"_seopress_robots_primary_cat":"none","_seopress_titles_title":"","_seopress_titles_desc":"","_seopress_robots_index":"","_et_pb_use_builder":"","_et_pb_old_content":"","_et_gb_content_width":"","inline_featured_image":false,"footnotes":""},"categories":[14],"tags":[],"class_list":["post-433615","post","type-post","status-publish","format-standard","has-post-thumbnail","hentry","category-vijesti"],"_links":{"self":[{"href":"https:\/\/www.pcnen.com\/portal\/wp-json\/wp\/v2\/posts\/433615","targetHints":{"allow":["GET"]}}],"collection":[{"href":"https:\/\/www.pcnen.com\/portal\/wp-json\/wp\/v2\/posts"}],"about":[{"href":"https:\/\/www.pcnen.com\/portal\/wp-json\/wp\/v2\/types\/post"}],"author":[{"embeddable":true,"href":"https:\/\/www.pcnen.com\/portal\/wp-json\/wp\/v2\/users\/1"}],"replies":[{"embeddable":true,"href":"https:\/\/www.pcnen.com\/portal\/wp-json\/wp\/v2\/comments?post=433615"}],"version-history":[{"count":1,"href":"https:\/\/www.pcnen.com\/portal\/wp-json\/wp\/v2\/posts\/433615\/revisions"}],"predecessor-version":[{"id":433618,"href":"https:\/\/www.pcnen.com\/portal\/wp-json\/wp\/v2\/posts\/433615\/revisions\/433618"}],"wp:featuredmedia":[{"embeddable":true,"href":"https:\/\/www.pcnen.com\/portal\/wp-json\/wp\/v2\/media\/305663"}],"wp:attachment":[{"href":"https:\/\/www.pcnen.com\/portal\/wp-json\/wp\/v2\/media?parent=433615"}],"wp:term":[{"taxonomy":"category","embeddable":true,"href":"https:\/\/www.pcnen.com\/portal\/wp-json\/wp\/v2\/categories?post=433615"},{"taxonomy":"post_tag","embeddable":true,"href":"https:\/\/www.pcnen.com\/portal\/wp-json\/wp\/v2\/tags?post=433615"}],"curies":[{"name":"wp","href":"https:\/\/api.w.org\/{rel}","templated":true}]}}