{"id":43351,"date":"2011-06-03T11:19:09","date_gmt":"2011-06-03T11:19:09","guid":{"rendered":"http:\/\/www.pcnen.com\/portal\/?p=43351"},"modified":"2011-06-03T11:19:09","modified_gmt":"2011-06-03T11:19:09","slug":"mladic-odgodio-izjasnjavanje-o-krivici","status":"publish","type":"post","link":"https:\/\/www.pcnen.com\/portal\/2011\/06\/03\/mladic-odgodio-izjasnjavanje-o-krivici\/","title":{"rendered":"Mladi\u0107 odgodio izja\u0161njavanje o krivici"},"content":{"rendered":"<p>Biv&scaron;i komandant Vojske Republike Srpske Ratko Mladi\u0107 odgodio je danbas izja&scaron;njavanje o krivici, nazivaju\u0107i navode optu\u017enice &quot;gnusnim&quot;, a predsjedavaju\u0107i sudija Alfons Ori zakazao je novo izja&scaron;njavanje o krivici za 4. jul.<\/p>\n<p>Dok mu je sudija Ori \u010ditao sa\u017eetak otpu\u017enice o genocidu u Srebrenici i istrebljenju nesrba &scaron;irom BiH, Mladi\u0107 je tri puta odre\u010dno klimnuo glavom, prenosi Beta.<\/p>\n<p>On je mirno saslu&scaron;ao navode optu\u017enice, iako je prethodno rekao da ne \u017eeli da \u010duje &quot;ni slovo od optu\u017enice&quot;. <\/p>\n","protected":false},"excerpt":{"rendered":"<p>Biv&scaron;i komandant Vojske Republike Srpske Ratko Mladi\u0107 odgodio je danbas izja&scaron;njavanje o krivici, nazivaju\u0107i navode optu\u017enice &quot;gnusnim&quot;, a predsjedavaju\u0107i sudija Alfons Ori zakazao je novo izja&scaron;njavanje o krivici za 4. jul. Dok mu je sudija Ori \u010ditao sa\u017eetak otpu\u017enice o genocidu u Srebrenici i istrebljenju nesrba &scaron;irom BiH, Mladi\u0107 je tri puta odre\u010dno klimnuo glavom, [&hellip;]<\/p>\n","protected":false},"author":1,"featured_media":0,"comment_status":"open","ping_status":"closed","sticky":false,"template":"","format":"standard","meta":{"_seopress_robots_primary_cat":"","_seopress_titles_title":"","_seopress_titles_desc":"","_seopress_robots_index":"","_et_pb_use_builder":"","_et_pb_old_content":"","_et_gb_content_width":"","inline_featured_image":false,"footnotes":""},"categories":[14],"tags":[],"class_list":["post-43351","post","type-post","status-publish","format-standard","hentry","category-vijesti"],"_links":{"self":[{"href":"https:\/\/www.pcnen.com\/portal\/wp-json\/wp\/v2\/posts\/43351","targetHints":{"allow":["GET"]}}],"collection":[{"href":"https:\/\/www.pcnen.com\/portal\/wp-json\/wp\/v2\/posts"}],"about":[{"href":"https:\/\/www.pcnen.com\/portal\/wp-json\/wp\/v2\/types\/post"}],"author":[{"embeddable":true,"href":"https:\/\/www.pcnen.com\/portal\/wp-json\/wp\/v2\/users\/1"}],"replies":[{"embeddable":true,"href":"https:\/\/www.pcnen.com\/portal\/wp-json\/wp\/v2\/comments?post=43351"}],"version-history":[{"count":0,"href":"https:\/\/www.pcnen.com\/portal\/wp-json\/wp\/v2\/posts\/43351\/revisions"}],"wp:attachment":[{"href":"https:\/\/www.pcnen.com\/portal\/wp-json\/wp\/v2\/media?parent=43351"}],"wp:term":[{"taxonomy":"category","embeddable":true,"href":"https:\/\/www.pcnen.com\/portal\/wp-json\/wp\/v2\/categories?post=43351"},{"taxonomy":"post_tag","embeddable":true,"href":"https:\/\/www.pcnen.com\/portal\/wp-json\/wp\/v2\/tags?post=43351"}],"curies":[{"name":"wp","href":"https:\/\/api.w.org\/{rel}","templated":true}]}}