{"id":43330,"date":"2011-06-02T09:28:57","date_gmt":"2011-06-02T09:28:57","guid":{"rendered":"http:\/\/www.pcnen.com\/portal\/?p=43330"},"modified":"2011-06-02T09:28:57","modified_gmt":"2011-06-02T09:28:57","slug":"sume-amazona-sve-ugrozenije","status":"publish","type":"post","link":"https:\/\/www.pcnen.com\/portal\/2011\/06\/02\/sume-amazona-sve-ugrozenije\/","title":{"rendered":"\u0160ume Amazona sve ugro\u017eenije"},"content":{"rendered":"<p>Uni&scaron;tavanje &scaron;uma u brazilskom pojasu Amazona znatno je pove\u0107ano u martu i aprilu, saop&scaron;tila je vlada te zemlje, podsti\u010du\u0107i time kritike da predlo\u017eeni zakon kojim se ubla\u017eavaju propisi o kori&scaron;\u0107enju zemlji&scaron;ta mo\u017eda ohrabruje nezakonitu sje\u010du &scaron;uma.<\/p>\n<p>&Scaron;umski pojas Amazona je tokom marta i aprila smanjen 593 kvadratna kilometra, &scaron;to je 473 odsto vi&scaron;e nego u istom periodu lani, pokazali su preliminarni podaci satelitskog snimanja.<\/p>\n<p>Brazilska ministarka ekologije Izabela Tei&scaron;eira je izjavila da je vlada formirala &quot;krizni kabinet&quot; koji trteba da istra\u017ei zbog \u010dega je do&scaron;lo do velikog porasta uni&scaron;tavanja &scaron;uma, ve\u0107inom u poljoprivrednoj saveznoj dr\u017eavi Mato Groso, u centralnozapadnom dijelu zemlje.<\/p>\n","protected":false},"excerpt":{"rendered":"<p>Uni&scaron;tavanje &scaron;uma u brazilskom pojasu Amazona znatno je pove\u0107ano u martu i aprilu, saop&scaron;tila je vlada te zemlje, podsti\u010du\u0107i time kritike da predlo\u017eeni zakon kojim se ubla\u017eavaju propisi o kori&scaron;\u0107enju zemlji&scaron;ta mo\u017eda ohrabruje nezakonitu sje\u010du &scaron;uma. &Scaron;umski pojas Amazona je tokom marta i aprila smanjen 593 kvadratna kilometra, &scaron;to je 473 odsto vi&scaron;e nego u [&hellip;]<\/p>\n","protected":false},"author":1,"featured_media":0,"comment_status":"open","ping_status":"closed","sticky":false,"template":"","format":"standard","meta":{"_seopress_robots_primary_cat":"","_seopress_titles_title":"","_seopress_titles_desc":"","_seopress_robots_index":"","_et_pb_use_builder":"","_et_pb_old_content":"","_et_gb_content_width":"","inline_featured_image":false,"footnotes":""},"categories":[14],"tags":[],"class_list":["post-43330","post","type-post","status-publish","format-standard","hentry","category-vijesti"],"_links":{"self":[{"href":"https:\/\/www.pcnen.com\/portal\/wp-json\/wp\/v2\/posts\/43330","targetHints":{"allow":["GET"]}}],"collection":[{"href":"https:\/\/www.pcnen.com\/portal\/wp-json\/wp\/v2\/posts"}],"about":[{"href":"https:\/\/www.pcnen.com\/portal\/wp-json\/wp\/v2\/types\/post"}],"author":[{"embeddable":true,"href":"https:\/\/www.pcnen.com\/portal\/wp-json\/wp\/v2\/users\/1"}],"replies":[{"embeddable":true,"href":"https:\/\/www.pcnen.com\/portal\/wp-json\/wp\/v2\/comments?post=43330"}],"version-history":[{"count":0,"href":"https:\/\/www.pcnen.com\/portal\/wp-json\/wp\/v2\/posts\/43330\/revisions"}],"wp:attachment":[{"href":"https:\/\/www.pcnen.com\/portal\/wp-json\/wp\/v2\/media?parent=43330"}],"wp:term":[{"taxonomy":"category","embeddable":true,"href":"https:\/\/www.pcnen.com\/portal\/wp-json\/wp\/v2\/categories?post=43330"},{"taxonomy":"post_tag","embeddable":true,"href":"https:\/\/www.pcnen.com\/portal\/wp-json\/wp\/v2\/tags?post=43330"}],"curies":[{"name":"wp","href":"https:\/\/api.w.org\/{rel}","templated":true}]}}