{"id":433256,"date":"2025-06-23T11:32:46","date_gmt":"2025-06-23T09:32:46","guid":{"rendered":"https:\/\/www.pcnen.com\/portal\/?p=433256"},"modified":"2025-06-23T11:32:46","modified_gmt":"2025-06-23T09:32:46","slug":"zapad-je-mjesto-rodjenja-i-reinkarnacije-nacizma","status":"publish","type":"post","link":"https:\/\/www.pcnen.com\/portal\/2025\/06\/23\/zapad-je-mjesto-rodjenja-i-reinkarnacije-nacizma\/","title":{"rendered":"Zapad je mjesto ro\u0111enja i reinkarnacije nacizma"},"content":{"rendered":"<p><strong>Pi\u0161e: Omer \u0160ARKI\u0106<\/strong><\/p>\n<p>Fakti:<\/p>\n<p>&#8211;\u00a0\u00a0\u00a0\u00a0\u00a0\u00a0\u00a0\u00a0\u00a0 Dvije godine, Izrael, genocidno \u010dedo zapada, vr\u0161i najtransparentniji genocid u ljudskoj istoriji. Masakre i genocid nad Palestincima koji svi gledamo, uprkos svim zapadnim poku\u0161ajima da se sakriju i zata\u0161kaju, bezuspje\u0161ni su. Kolektivni zapad na \u010delu sa SAD, politi\u010dki, vojno, ekonomski i propagandno poma\u017ee taj genocid.<\/p>\n<p>&#8211;\u00a0\u00a0\u00a0\u00a0\u00a0\u00a0\u00a0\u00a0\u00a0 Izrael i SAD su izvr\u0161ile klasi\u010dnu agresiju na Iran, slu\u017ee\u0107i se pri agresiji, pored ostalog, dr\u017eavnim terorizmom, ubijaju\u0107i u teroristi\u010dkim akcijama iranske nau\u010dnike (civile), \u010dak i njihove porodice.<\/p>\n<p>&#8211;\u00a0\u00a0\u00a0\u00a0\u00a0\u00a0\u00a0\u00a0\u00a0 Mejnstrim (zapadni) mediji i zapadni politi\u010dari palestinski otpor okupaciji i genocidu nazivaju terorizmom, a genocid i ne\u010duvene masakre Izraela pravom istog da se brani.<\/p>\n<p>&#8211;\u00a0\u00a0\u00a0\u00a0\u00a0\u00a0\u00a0\u00a0\u00a0 Agresiju na Iran koja je to po svim poveljima umrlih Ujedinjenih nacija, kako zapadani mejnstrim mediji tako njihovi politi\u010dari nazivaju preventvinim ratom, dakle opravdanim &#8211;\u00a0 ratom za mir, kao \u0161to smo mi svojevremno krstili agresiju na Dubrovnik.<\/p>\n<p>&#8211;\u00a0\u00a0\u00a0\u00a0\u00a0\u00a0\u00a0\u00a0\u00a0 Autoritet Ujedinjenih nacija godinama su uru\u0161avale sve \u201evode\u0107e\u201c zemlje svijeta, ali je prednja\u010dio Zapad na \u010delu sa SAD. Daleko najvi\u0161e rezolucija umrlih Ujedinjenih nacija od svih zemalja svijeta prekr\u0161io je Izrael, koji uprkos tome ima nepodijeljenu i sveobuhvatnu podr\u0161ku Zapada.<\/p>\n<p>&#8211;\u00a0\u00a0\u00a0\u00a0\u00a0\u00a0\u00a0\u00a0\u00a0 Me\u0111unarodni krivi\u010dni sud je izdao naloge za hap\u0161enje premijera Izraela Netanjahua i biv\u0161eg ministra odbrane Galanta pod optu\u017ebom za ratne zlo\u010dina i zlo\u010dine protiv \u010dovje\u010dnosti. SAD su izrekle o\u0161tru javnu prijetnju Me\u0111unarodnom sudu i sudijama, a kolektivni Zapad i SAD ne samo da ne postupaju po nalogu suda, nego su im optu\u017eenici za najte\u017ea krivi\u010dna dijela glavni politi\u010dki i vojni partneri.<\/p>\n<p>&#8211;\u00a0\u00a0\u00a0\u00a0\u00a0\u00a0\u00a0\u00a0\u00a0 Iako je sloboda \u0161tampe, retori\u010dki, jedan od najve\u0107ih proklamovanih standarda Zapada, Asan\u017e je godinama gonjen kao zvijer i zatvaran u najnehumanije zatvore, na kraju osu\u0111en uz sporazumno priznanje krivice, zbog novinarskih objava u kojima je otkrio te\u0161ke zlo\u010dine i kr\u0161enje humanitarnog i ratnog prava od strane SAD i Zapada, iako je svoja saznanja iznio po svim pravilima novinarske profesije. Uz to, u Gazi je izrealska okupaciona vojska za dvije godine ubila preko 200 novinara, daleko najve\u0107i broj u nekom sukobu, sve bez\u00a0 bilo kakve, makar verbalne osude kolektivnog Zapada.<\/p>\n<p>&#8211;\u00a0\u00a0\u00a0\u00a0\u00a0\u00a0\u00a0\u00a0\u00a0 Iako je sloboda govora i javnog okupljanja jo\u0161 jedna od la\u017eno proklamovanih agendi Zapada, propalestinski protesti se zabranjuju, demonstranti tuku i hapse, zabranjuje se i onemogu\u0107ava pristup i javni nastup ugledim svjetskim osobama koje \u017eele javno svjedo\u010diti ili govoriti o tom genocidu.<\/p>\n<p>&#8211;\u00a0\u00a0\u00a0\u00a0\u00a0\u00a0\u00a0\u00a0\u00a0 SAD su u zatvoru Gvantanamo godinama dr\u017eali oko 700 zatvorenika bez optu\u017enice i presude, izla\u017eu\u0107i ih takvom mu\u010denju i torturi kakvu nije radila ni inkvizicija, ni Gestapo. Niko sa Zapada ameri\u010dku vladu \u2013 koja je iznad svih me\u0111unarodnih zakona, nije zbog toga pozvao na odgovornost (iako je me\u0111u neosnovano zartvorenim bilo i njihovih gra\u0111ana), a velika ve\u0107ina uhap\u0161enih zatvorenika je poslije godina neopisivih mu\u010denja, jednostavno, bez obrazlo\u017eenja i bilo kakve materilajne ili druguih naknada i satisfakcija zbog nezakonitog zartvaranja i mu\u010denja, pu\u0161tena na slobodu.<\/p>\n<p>Uz sve gore navedno, zapadni, mejnstrim mediji, analiti\u010dari i javne li\u010dnosti koje su oni ispromovisali u javne i ugledne, \u0161ire takvu propagandu, izvr\u0107u \u010dinjenice i zasipaju nas la\u017eima, kakva svojevremeno nije ra\u0111ena ni u vrijeme Gebelsa, ministra propagande nacisti\u010dke Njema\u010dke.<\/p>\n<p>Nacizam se rodio na zapadu i ponovo je reinkarniran na istom tom zapadu, ovaj put mo\u017eda u jo\u0161 gorem i po cjelokupno \u010dovje\u010danstvo opasnijem obliku.<\/p>\n","protected":false},"excerpt":{"rendered":"<p>Ovaj put mo\u017eda u jo\u0161 gorem i po cjelokupno \u010dovje\u010danstvo opasnijem obliku<\/p>\n","protected":false},"author":12,"featured_media":391498,"comment_status":"open","ping_status":"closed","sticky":false,"template":"","format":"standard","meta":{"_seopress_robots_primary_cat":"none","_seopress_titles_title":"","_seopress_titles_desc":"","_seopress_robots_index":"","_et_pb_use_builder":"","_et_pb_old_content":"","_et_gb_content_width":"","inline_featured_image":false,"footnotes":""},"categories":[17],"tags":[],"class_list":["post-433256","post","type-post","status-publish","format-standard","has-post-thumbnail","hentry","category-blogovi"],"_links":{"self":[{"href":"https:\/\/www.pcnen.com\/portal\/wp-json\/wp\/v2\/posts\/433256","targetHints":{"allow":["GET"]}}],"collection":[{"href":"https:\/\/www.pcnen.com\/portal\/wp-json\/wp\/v2\/posts"}],"about":[{"href":"https:\/\/www.pcnen.com\/portal\/wp-json\/wp\/v2\/types\/post"}],"author":[{"embeddable":true,"href":"https:\/\/www.pcnen.com\/portal\/wp-json\/wp\/v2\/users\/12"}],"replies":[{"embeddable":true,"href":"https:\/\/www.pcnen.com\/portal\/wp-json\/wp\/v2\/comments?post=433256"}],"version-history":[{"count":3,"href":"https:\/\/www.pcnen.com\/portal\/wp-json\/wp\/v2\/posts\/433256\/revisions"}],"predecessor-version":[{"id":433263,"href":"https:\/\/www.pcnen.com\/portal\/wp-json\/wp\/v2\/posts\/433256\/revisions\/433263"}],"wp:featuredmedia":[{"embeddable":true,"href":"https:\/\/www.pcnen.com\/portal\/wp-json\/wp\/v2\/media\/391498"}],"wp:attachment":[{"href":"https:\/\/www.pcnen.com\/portal\/wp-json\/wp\/v2\/media?parent=433256"}],"wp:term":[{"taxonomy":"category","embeddable":true,"href":"https:\/\/www.pcnen.com\/portal\/wp-json\/wp\/v2\/categories?post=433256"},{"taxonomy":"post_tag","embeddable":true,"href":"https:\/\/www.pcnen.com\/portal\/wp-json\/wp\/v2\/tags?post=433256"}],"curies":[{"name":"wp","href":"https:\/\/api.w.org\/{rel}","templated":true}]}}