{"id":427440,"date":"2025-04-04T15:51:03","date_gmt":"2025-04-04T13:51:03","guid":{"rendered":"https:\/\/www.pcnen.com\/portal\/?p=427440"},"modified":"2025-04-04T15:51:03","modified_gmt":"2025-04-04T13:51:03","slug":"pokret-solidarnosti-sa-palestinom-poziva-na-zbor-solidarnosti-u-podgorici","status":"publish","type":"post","link":"https:\/\/www.pcnen.com\/portal\/2025\/04\/04\/pokret-solidarnosti-sa-palestinom-poziva-na-zbor-solidarnosti-u-podgorici\/","title":{"rendered":"Pokret solidarnosti sa Palestinom poziva na Zbor solidarnosti u Podgorici"},"content":{"rendered":"<p>Pokret solidarnosti sa Palestinom poziva sve gra\u0111ane, aktiviste, nevladine organizacije, da u\u010destvuju na prvom Zboru solidarnosti sa palestinskim narodom, koji \u0107e se odr\u017eati u nedjelju, 6. aprila, u 14 sati na lokaciji Barutana kod Spomenika palim borcima Lje\u0161anske nahije u Podgorici.<\/p>\n<p>Ovaj skup organizujemo sa ciljem da ponovo izrazimo sna\u017enu solidarnosti sa palestinskim narodom, razmotrimo mjere koje \u0107emo preduzeti protiv politika i postupaka crnogorskih zvani\u010dnika koji sve intezivnije sara\u0111uju sa Izraelom i podr\u017eavaju zlo\u010dine i genocid nad palestinskim narodom,<\/p>\n<p>Govori\u0107emo o antifa\u0161isti\u010dkoj pro\u0161losti Crne Gore i osna\u017eivanju ovih vrijednosti u modernom dru\u0161tvenom kontekstu. Govori\u0107emo o edukaciji i artikulisanju zahtjeva gra\u0111ana Crne Gore u podr\u0161ci pravima palestinskog naroda,\u00a0preduzimanju neophodnih akcija prema genocidu koji iz dana u dan sve postaje brutalniji i ve\u0107i, kao kr\u0161enju relevantnih konvencija i me\u0111unarodnog prava od strane okupatorske sile, Izraela.<\/p>\n<p>Pozivamo sve gra\u0111ane Crne Gore da nam se pridru\u017ee i u\u010destvuju u ovom va\u017enom gra\u0111anskom zboru. Va\u0161a podr\u0161ka je klju\u010dna za ja\u010danje solidarnosti, po\u0161tovanju ljudskih prava kao i pravednijem pristupu na\u0161e dr\u017eave u me\u0111unarodnim odnosima.<\/p>\n","protected":false},"excerpt":{"rendered":"<p>Pokret solidarnosti sa Palestinom poziva sve gra\u0111ane, aktiviste, nevladine organizacije, da u\u010destvuju na prvom Zboru solidarnosti sa palestinskim narodom, koji \u0107e se odr\u017eati u nedjelju, 6. aprila, u 14 sati na lokaciji Barutana kod Spomenika palim borcima Lje\u0161anske nahije u Podgorici<\/p>\n","protected":false},"author":1,"featured_media":427443,"comment_status":"open","ping_status":"closed","sticky":false,"template":"","format":"standard","meta":{"_seopress_robots_primary_cat":"none","_seopress_titles_title":"","_seopress_titles_desc":"","_seopress_robots_index":"","_et_pb_use_builder":"","_et_pb_old_content":"","_et_gb_content_width":"","inline_featured_image":false,"footnotes":""},"categories":[10],"tags":[],"class_list":["post-427440","post","type-post","status-publish","format-standard","has-post-thumbnail","hentry","category-cuj-vidji-javi"],"_links":{"self":[{"href":"https:\/\/www.pcnen.com\/portal\/wp-json\/wp\/v2\/posts\/427440","targetHints":{"allow":["GET"]}}],"collection":[{"href":"https:\/\/www.pcnen.com\/portal\/wp-json\/wp\/v2\/posts"}],"about":[{"href":"https:\/\/www.pcnen.com\/portal\/wp-json\/wp\/v2\/types\/post"}],"author":[{"embeddable":true,"href":"https:\/\/www.pcnen.com\/portal\/wp-json\/wp\/v2\/users\/1"}],"replies":[{"embeddable":true,"href":"https:\/\/www.pcnen.com\/portal\/wp-json\/wp\/v2\/comments?post=427440"}],"version-history":[{"count":1,"href":"https:\/\/www.pcnen.com\/portal\/wp-json\/wp\/v2\/posts\/427440\/revisions"}],"predecessor-version":[{"id":427444,"href":"https:\/\/www.pcnen.com\/portal\/wp-json\/wp\/v2\/posts\/427440\/revisions\/427444"}],"wp:featuredmedia":[{"embeddable":true,"href":"https:\/\/www.pcnen.com\/portal\/wp-json\/wp\/v2\/media\/427443"}],"wp:attachment":[{"href":"https:\/\/www.pcnen.com\/portal\/wp-json\/wp\/v2\/media?parent=427440"}],"wp:term":[{"taxonomy":"category","embeddable":true,"href":"https:\/\/www.pcnen.com\/portal\/wp-json\/wp\/v2\/categories?post=427440"},{"taxonomy":"post_tag","embeddable":true,"href":"https:\/\/www.pcnen.com\/portal\/wp-json\/wp\/v2\/tags?post=427440"}],"curies":[{"name":"wp","href":"https:\/\/api.w.org\/{rel}","templated":true}]}}