{"id":426817,"date":"2025-03-27T12:36:26","date_gmt":"2025-03-27T11:36:26","guid":{"rendered":"https:\/\/www.pcnen.com\/portal\/?p=426817"},"modified":"2025-03-27T12:36:26","modified_gmt":"2025-03-27T11:36:26","slug":"film-kao-topli-septembar-medju-odabranim-projektima-na-festivalu-na-kipru","status":"publish","type":"post","link":"https:\/\/www.pcnen.com\/portal\/2025\/03\/27\/film-kao-topli-septembar-medju-odabranim-projektima-na-festivalu-na-kipru\/","title":{"rendered":"Film &#8216;Kao topli septembar&#8217; me\u0111u odabranim projektima na festivalu na Kipru"},"content":{"rendered":"<blockquote><p><strong>Javlja: Filmski centar CG<\/strong><\/p><\/blockquote>\n<p>Crnogorski film \u201eKao topli septembar\u201c, u re\u017eiji Vlastimira Sudara, uvr\u0161ten je me\u0111u projekte za \u0161esto izdanje \u201eDot.on.the.map\u201c, industrijskog dijela 23. Me\u0111unarodnog filmskog festivala na Kipru &#8211; \u201eCyprus Film Days\u201c, koji \u0107e se odr\u017eati u Limasolu. Producenti projekta \u201eKao topli septembar\u201c su Jasmina Karajlovi\u0107 i Karlo Kalezi\u0107e, iz \u201eMontenegro Max Film\u201c, uz koproducenta Ujkana Hisaja.<\/p>\n<p>Festival \u201eCyprus Film Days\u201c odr\u017eava se od 4. do 12. aprila, a program \u201eDot.on.the.map Industry Days\u201c predstavlja platformu za koprodukciju, obuku i umre\u017eavanje u okviru festivala. Selektovani projekti takmi\u010di\u0107e se za vi\u0161e nagrada, me\u0111u kojima su dvije nov\u010dane od po 2.000 eura, oprema za osvjetljenje vrijedna 4.000 eura, te akreditacija i smje\u0161taj za Filmski festival u Solunu.<\/p>\n<p>Film prati pri\u010du o Marini, mladoj talentovanoj balerini iz Bara, \u010dija karijera zavisi od odlaska u inostranstvo, i njenom ocu Bal\u0161i, biv\u0161em \u010dlanu specijalne podvodne jedinice, koji \u017eivi povu\u010deno nakon razvoda. Kada se pojavi prilika da iz mora izvadi zaostalu minu iz Drugog svjetskog rata, Bal\u0161a vidi \u0161ansu da obezbijedi novac za k\u0107erkinu budu\u0107nost, iako to zna\u010di suo\u010davanje sa sopstvenom pro\u0161lo\u0161\u0107u. Kroz njihov odnos, film istra\u017euje teme porodi\u010dnih veza, li\u010dnih izbora i pronala\u017eenja sopstvenog puta.<\/p>\n<p>Filmski centar Crne Gore podr\u017eao je ovaj projekat na konkursu za produkciju u kategoriji dugometra\u017enih igranih filmova.<\/p>\n<p>Tako\u0111e, u sklopu festivala, Vuk Perovi\u0107, programer glavnog takmi\u010darskog programa i selekcije \u201eKino Evropa\u201c na Festivalu u Herceg Novom, u\u010destvova\u0107e na panel diskusiji \u201eFilmski festivali u \u0161irem mediteranskom regionu\u201c. Panel, koji \u0107e moderirati Ariane Buhl, okupi\u0107e stru\u010dnjake iz francuskih, hrvatskih i portugalskih filmskih festivala koji \u0107e razgovarati o festivalskim strategijama, procesima selekcije i izazovima u kreiranju balansiranog i raznovrsnog programa.<\/p>\n<p>Podje\u0107amo da je direktorica Filmskog centra Crne Gore, Aleksandra Bo\u017eovi\u0107 imenovana za predsjednicu \u017eirija ovogodi\u0161njeg izdanja Me\u0111unarodnog filmskog festivala na Kipru.<\/p>\n","protected":false},"excerpt":{"rendered":"<p>Festival \u201eCyprus Film Days\u201c odr\u017eava se od 4. do 12. aprila, a program \u201eDot.on.the.map Industry Days\u201c predstavlja platformu za koprodukciju, obuku i umre\u017eavanje u okviru festivala<\/p>\n","protected":false},"author":1,"featured_media":0,"comment_status":"open","ping_status":"closed","sticky":false,"template":"","format":"standard","meta":{"_seopress_robots_primary_cat":"none","_seopress_titles_title":"","_seopress_titles_desc":"","_seopress_robots_index":"","_et_pb_use_builder":"","_et_pb_old_content":"","_et_gb_content_width":"","inline_featured_image":false,"footnotes":""},"categories":[10],"tags":[],"class_list":["post-426817","post","type-post","status-publish","format-standard","hentry","category-cuj-vidji-javi"],"_links":{"self":[{"href":"https:\/\/www.pcnen.com\/portal\/wp-json\/wp\/v2\/posts\/426817","targetHints":{"allow":["GET"]}}],"collection":[{"href":"https:\/\/www.pcnen.com\/portal\/wp-json\/wp\/v2\/posts"}],"about":[{"href":"https:\/\/www.pcnen.com\/portal\/wp-json\/wp\/v2\/types\/post"}],"author":[{"embeddable":true,"href":"https:\/\/www.pcnen.com\/portal\/wp-json\/wp\/v2\/users\/1"}],"replies":[{"embeddable":true,"href":"https:\/\/www.pcnen.com\/portal\/wp-json\/wp\/v2\/comments?post=426817"}],"version-history":[{"count":1,"href":"https:\/\/www.pcnen.com\/portal\/wp-json\/wp\/v2\/posts\/426817\/revisions"}],"predecessor-version":[{"id":426821,"href":"https:\/\/www.pcnen.com\/portal\/wp-json\/wp\/v2\/posts\/426817\/revisions\/426821"}],"wp:attachment":[{"href":"https:\/\/www.pcnen.com\/portal\/wp-json\/wp\/v2\/media?parent=426817"}],"wp:term":[{"taxonomy":"category","embeddable":true,"href":"https:\/\/www.pcnen.com\/portal\/wp-json\/wp\/v2\/categories?post=426817"},{"taxonomy":"post_tag","embeddable":true,"href":"https:\/\/www.pcnen.com\/portal\/wp-json\/wp\/v2\/tags?post=426817"}],"curies":[{"name":"wp","href":"https:\/\/api.w.org\/{rel}","templated":true}]}}