{"id":426582,"date":"2025-03-24T14:44:46","date_gmt":"2025-03-24T13:44:46","guid":{"rendered":"https:\/\/www.pcnen.com\/portal\/?p=426582"},"modified":"2025-03-24T14:44:46","modified_gmt":"2025-03-24T13:44:46","slug":"jubilarna-80-tradicionalna-izlozba-udruzenja-likovnih-umjetnika-cg","status":"publish","type":"post","link":"https:\/\/www.pcnen.com\/portal\/2025\/03\/24\/jubilarna-80-tradicionalna-izlozba-udruzenja-likovnih-umjetnika-cg\/","title":{"rendered":"Jubilarna 80. tradicionalna izlo\u017eba Udru\u017eenja likovnih umjetnika CG"},"content":{"rendered":"<blockquote><p><strong>Javlja: Uprava ULUCG<\/strong><\/p><\/blockquote>\n<p>Udru\u017eenje likovnih umjetnika Crne Gore s ponosom najavljuje sve\u010dano otvaranje 80. Tradicionalne izlo\u017ebe ULUCG, koje \u0107e se odr\u017eati u \u010detvrtak, 27. marta, u 19:00 \u010dasova, u Umjetni\u010dkom paviljonu, Marka Miljanova 2.<\/p>\n<p>Ova zna\u010dajna izlo\u017eba obilje\u017eava osam decenija postojanja i posve\u0107enosti umjetnosti, predstavljaju\u0107i presjek savremenog crnogorskog likovnog stvarala\u0161tva.<\/p>\n<p>Udru\u017eenje likovnih umjetnika Crne Gore (ULUCG), osnovano 24. marta 1946. godine na Cetinju, postavilo je temelje crnogorske likovne scene. Njegova prva izlo\u017eba, odr\u017eana 12. jula 1946. godine, ozna\u010dila je po\u010detak kontinuiranog umjetni\u010dkog izraza i razvijanja kulturne svijesti u Crnoj Gori.<\/p>\n<p>Danas, 80. Tradicionalna izlo\u017eba ULUCG ostaje simbol umjetni\u010dkog kontinuiteta i kulturnog identiteta. Odr\u017eava se svake godine u znak sje\u0107anja na osnivanje Udru\u017eenja i okuplja generacije umjetnika koje oblikuju crnogorsku likovnu scenu.<\/p>\n<p>Izlo\u017eba okuplja istaknute stvaraoce razli\u010ditih generacija i umjetni\u010dkih pravaca, stvaraju\u0107i most izme\u0111u pro\u0161losti i budu\u0107nosti crnogorske umjetnosti. Ovaj doga\u0111aj pru\u017ea priliku publici da se upozna s raznovrsnim umjetni\u010dkim izrazima, ali i da oda priznanje dugogodi\u0161njem doprinosu ULUCG razvoju crnogorske kulture.<\/p>\n","protected":false},"excerpt":{"rendered":"<p>Udru\u017eenje likovnih umjetnika Crne Gore s ponosom najavljuje sve\u010dano otvaranje 80. Tradicionalne izlo\u017ebe ULUCG, koje \u0107e se odr\u017eati u \u010detvrtak, 27. marta, u 19:00 \u010dasova, u Umjetni\u010dkom paviljonu, Marka Miljanova 2<\/p>\n","protected":false},"author":1,"featured_media":306512,"comment_status":"open","ping_status":"closed","sticky":false,"template":"","format":"standard","meta":{"_seopress_robots_primary_cat":"none","_seopress_titles_title":"","_seopress_titles_desc":"","_seopress_robots_index":"","_et_pb_use_builder":"","_et_pb_old_content":"","_et_gb_content_width":"","inline_featured_image":false,"footnotes":""},"categories":[10],"tags":[],"class_list":["post-426582","post","type-post","status-publish","format-standard","has-post-thumbnail","hentry","category-cuj-vidji-javi"],"_links":{"self":[{"href":"https:\/\/www.pcnen.com\/portal\/wp-json\/wp\/v2\/posts\/426582","targetHints":{"allow":["GET"]}}],"collection":[{"href":"https:\/\/www.pcnen.com\/portal\/wp-json\/wp\/v2\/posts"}],"about":[{"href":"https:\/\/www.pcnen.com\/portal\/wp-json\/wp\/v2\/types\/post"}],"author":[{"embeddable":true,"href":"https:\/\/www.pcnen.com\/portal\/wp-json\/wp\/v2\/users\/1"}],"replies":[{"embeddable":true,"href":"https:\/\/www.pcnen.com\/portal\/wp-json\/wp\/v2\/comments?post=426582"}],"version-history":[{"count":1,"href":"https:\/\/www.pcnen.com\/portal\/wp-json\/wp\/v2\/posts\/426582\/revisions"}],"predecessor-version":[{"id":426585,"href":"https:\/\/www.pcnen.com\/portal\/wp-json\/wp\/v2\/posts\/426582\/revisions\/426585"}],"wp:featuredmedia":[{"embeddable":true,"href":"https:\/\/www.pcnen.com\/portal\/wp-json\/wp\/v2\/media\/306512"}],"wp:attachment":[{"href":"https:\/\/www.pcnen.com\/portal\/wp-json\/wp\/v2\/media?parent=426582"}],"wp:term":[{"taxonomy":"category","embeddable":true,"href":"https:\/\/www.pcnen.com\/portal\/wp-json\/wp\/v2\/categories?post=426582"},{"taxonomy":"post_tag","embeddable":true,"href":"https:\/\/www.pcnen.com\/portal\/wp-json\/wp\/v2\/tags?post=426582"}],"curies":[{"name":"wp","href":"https:\/\/api.w.org\/{rel}","templated":true}]}}