{"id":425904,"date":"2025-03-15T22:11:22","date_gmt":"2025-03-15T21:11:22","guid":{"rendered":"https:\/\/www.pcnen.com\/portal\/?p=425904"},"modified":"2025-03-15T22:11:22","modified_gmt":"2025-03-15T21:11:22","slug":"napad-na-prostorije-nvo-otvorena-skola","status":"publish","type":"post","link":"https:\/\/www.pcnen.com\/portal\/2025\/03\/15\/napad-na-prostorije-nvo-otvorena-skola\/","title":{"rendered":"Napad na prostorije NVO Otvorena \u0161kola"},"content":{"rendered":"<p>Ju\u010de je oko 19 \u010dasova grupa maloljetnika, prema rije\u010dima o\u010devidaca, njih 4-5, demolirala pristorije nevladine organizacije Otvorena \u0161kola koje se nalaze u strogom centru Danilovgrada.<\/p>\n<p>Polomljeno je dvoje vrata, stolice, osvjetljenje, pobacane stvari..<\/p>\n<p>Policija je danas izvr\u0161ila uvi\u0111aj.<\/p>\n<p>Prema rije\u010dima za\u0161titara koji je zaposlen u \u0161koli &#8220;Vuko Jovovi\u0107&#8221; u Danilovgradu, neki po\u010dinioci su njemu ve\u0107 priznali da su demolirali prostorije.<\/p>\n<p>NVO Otvorena \u0161kole 25 godina u kontinuitetu sprovodi programe koji poma\u017eu gra\u0111anima i mladima u raznim oblastima.<\/p>\n<p>Napad se desio u sred realizacije projekta protiv nasilja.<\/p>\n","protected":false},"excerpt":{"rendered":"<p>Ju\u010de je oko 19 \u010dasova grupa maloljetnika, prema rije\u010dima o\u010devidaca, njih 4-5, demolirala pristorije nevladine organizacije Otvorena \u0161kola koje se nalaze u strogom centru Danilovgrada<\/p>\n","protected":false},"author":1,"featured_media":425907,"comment_status":"open","ping_status":"closed","sticky":false,"template":"","format":"standard","meta":{"_seopress_robots_primary_cat":"none","_seopress_titles_title":"","_seopress_titles_desc":"","_seopress_robots_index":"","_et_pb_use_builder":"","_et_pb_old_content":"","_et_gb_content_width":"","inline_featured_image":false,"footnotes":""},"categories":[10],"tags":[],"class_list":["post-425904","post","type-post","status-publish","format-standard","has-post-thumbnail","hentry","category-cuj-vidji-javi"],"_links":{"self":[{"href":"https:\/\/www.pcnen.com\/portal\/wp-json\/wp\/v2\/posts\/425904","targetHints":{"allow":["GET"]}}],"collection":[{"href":"https:\/\/www.pcnen.com\/portal\/wp-json\/wp\/v2\/posts"}],"about":[{"href":"https:\/\/www.pcnen.com\/portal\/wp-json\/wp\/v2\/types\/post"}],"author":[{"embeddable":true,"href":"https:\/\/www.pcnen.com\/portal\/wp-json\/wp\/v2\/users\/1"}],"replies":[{"embeddable":true,"href":"https:\/\/www.pcnen.com\/portal\/wp-json\/wp\/v2\/comments?post=425904"}],"version-history":[{"count":1,"href":"https:\/\/www.pcnen.com\/portal\/wp-json\/wp\/v2\/posts\/425904\/revisions"}],"predecessor-version":[{"id":425908,"href":"https:\/\/www.pcnen.com\/portal\/wp-json\/wp\/v2\/posts\/425904\/revisions\/425908"}],"wp:featuredmedia":[{"embeddable":true,"href":"https:\/\/www.pcnen.com\/portal\/wp-json\/wp\/v2\/media\/425907"}],"wp:attachment":[{"href":"https:\/\/www.pcnen.com\/portal\/wp-json\/wp\/v2\/media?parent=425904"}],"wp:term":[{"taxonomy":"category","embeddable":true,"href":"https:\/\/www.pcnen.com\/portal\/wp-json\/wp\/v2\/categories?post=425904"},{"taxonomy":"post_tag","embeddable":true,"href":"https:\/\/www.pcnen.com\/portal\/wp-json\/wp\/v2\/tags?post=425904"}],"curies":[{"name":"wp","href":"https:\/\/api.w.org\/{rel}","templated":true}]}}