{"id":425593,"date":"2025-03-12T07:10:08","date_gmt":"2025-03-12T06:10:08","guid":{"rendered":"https:\/\/www.pcnen.com\/portal\/?p=425593"},"modified":"2025-03-12T07:10:08","modified_gmt":"2025-03-12T06:10:08","slug":"oteti-djecak-nadjen-nakon-sedam-godina-video","status":"publish","type":"post","link":"https:\/\/www.pcnen.com\/portal\/2025\/03\/12\/oteti-djecak-nadjen-nakon-sedam-godina-video\/","title":{"rendered":"Oteti dje\u010dak na\u0111en nakon sedam godina (video)"},"content":{"rendered":"<p>Abdul Aziz Kan je imao sedam godina kada je otet iz Atlante, a prona\u0111en je u Kolorado Springsu sedam godina kasnije.<\/p>\n<p>Aziz je nestao usred pravne bitke za starateljstvo izme\u0111u njegovog oca Abdula Kana i majke Rabije Kalid. Majka ga je 2017. godine otela, a potraga za njom trajala je dugo.<\/p>\n<p>Njegov slu\u010daj postao je centralna tema u jednom dokumentarcu, \u0161to je ponovo pokrenulo zanimanje istra\u017eitelja i \u0161ire javnosti.<\/p>\n<p>Aziz je trenutno pod za\u0161titom socijalnih slu\u017ebi dok vlasti rade na procesu ponovnog spajanja s njegovim ocem.<\/p>\n<p><iframe loading=\"lazy\" title=\"YouTube video player\" src=\"https:\/\/www.youtube.com\/embed\/gT332hGYc2g?si=qe4JydCxwmEiOjzQ\" width=\"560\" height=\"315\" frameborder=\"0\" allowfullscreen=\"allowfullscreen\"><\/iframe><\/p>\n","protected":false},"excerpt":{"rendered":"<p>Aziz je nestao usred pravne bitke za starateljstvo izme\u0111u njegovog oca Abdula Kana i majke Rabije Kalid<\/p>\n","protected":false},"author":1,"featured_media":363727,"comment_status":"open","ping_status":"closed","sticky":false,"template":"","format":"standard","meta":{"_seopress_robots_primary_cat":"none","_seopress_titles_title":"","_seopress_titles_desc":"","_seopress_robots_index":"","_et_pb_use_builder":"","_et_pb_old_content":"","_et_gb_content_width":"","inline_featured_image":false,"footnotes":""},"categories":[9],"tags":[],"class_list":["post-425593","post","type-post","status-publish","format-standard","has-post-thumbnail","hentry","category-zanimljivosti"],"_links":{"self":[{"href":"https:\/\/www.pcnen.com\/portal\/wp-json\/wp\/v2\/posts\/425593","targetHints":{"allow":["GET"]}}],"collection":[{"href":"https:\/\/www.pcnen.com\/portal\/wp-json\/wp\/v2\/posts"}],"about":[{"href":"https:\/\/www.pcnen.com\/portal\/wp-json\/wp\/v2\/types\/post"}],"author":[{"embeddable":true,"href":"https:\/\/www.pcnen.com\/portal\/wp-json\/wp\/v2\/users\/1"}],"replies":[{"embeddable":true,"href":"https:\/\/www.pcnen.com\/portal\/wp-json\/wp\/v2\/comments?post=425593"}],"version-history":[{"count":1,"href":"https:\/\/www.pcnen.com\/portal\/wp-json\/wp\/v2\/posts\/425593\/revisions"}],"predecessor-version":[{"id":425596,"href":"https:\/\/www.pcnen.com\/portal\/wp-json\/wp\/v2\/posts\/425593\/revisions\/425596"}],"wp:featuredmedia":[{"embeddable":true,"href":"https:\/\/www.pcnen.com\/portal\/wp-json\/wp\/v2\/media\/363727"}],"wp:attachment":[{"href":"https:\/\/www.pcnen.com\/portal\/wp-json\/wp\/v2\/media?parent=425593"}],"wp:term":[{"taxonomy":"category","embeddable":true,"href":"https:\/\/www.pcnen.com\/portal\/wp-json\/wp\/v2\/categories?post=425593"},{"taxonomy":"post_tag","embeddable":true,"href":"https:\/\/www.pcnen.com\/portal\/wp-json\/wp\/v2\/tags?post=425593"}],"curies":[{"name":"wp","href":"https:\/\/api.w.org\/{rel}","templated":true}]}}