{"id":425535,"date":"2025-03-11T11:34:35","date_gmt":"2025-03-11T10:34:35","guid":{"rendered":"https:\/\/www.pcnen.com\/portal\/?p=425535"},"modified":"2025-03-11T11:34:35","modified_gmt":"2025-03-11T10:34:35","slug":"odgodjen-podgoricki-piknik-u-univerzitetskom-parku","status":"publish","type":"post","link":"https:\/\/www.pcnen.com\/portal\/2025\/03\/11\/odgodjen-podgoricki-piknik-u-univerzitetskom-parku\/","title":{"rendered":"Odgo\u0111en Podgori\u010dki piknik u Univerzitetskom parku"},"content":{"rendered":"<blockquote><p><strong>Javlja: Studentski kulturni centar<\/strong><\/p><\/blockquote>\n<p>Podgori\u010dki piknik prvobitno zakazan za srijedu, 12. marta, odlo\u017een je zbog nepovoljnih vremenskih uslova a novi datum odr\u017eavanja je 19. mart, u Univerzitetskom parku od 12 do 21 \u010das.<\/p>\n<p>Pa\u017enju publike posebno je privukao nastup benda Zoster. Osnovan po\u010detkom 2000-ih, Zoster je kroz godine izgradio specifi\u010dan identitet. Mostarski sastav poznat je po energi\u010dnim nastupima i specifi\u010dnom zvuku koji spaja reggae, dub i rock. Njihova muzika nosi sna\u017ene poruke i publiku nikada ne ostavlja ravnodu\u0161nom. Sa skoro dvadeset godina na sceni i pet studijskih albuma i brojnim hitovima poput \u201eKo je jamio, jamio\u201c, \u201ePolicija\u201c, \u201eSve \u0161to radim, radim zbog nje\u201c, Zoster je ime koje garantuje vrhunsku atmosferu.<\/p>\n<p>Uz njih, publika \u0107e imati priliku da u\u017eiva i u odli\u010dnoj doma\u0107oj podr\u0161ci \u2013 nastupima Filipa Sjeklo\u0107e i Dorije, Pe\u0111e Radovi\u0107a i DJ Mikeli-ja, koji \u0107e dodatno upotpuniti muzi\u010dki program i atmosferu ovogodi\u0161njeg piknika.<\/p>\n<p>Prvi put piknik je organizovan 2019. godine, a zahvaljuju\u0107i jedinstvenom konceptu inspirisanom evropskim urbanim trendovima, brzo je postao nezaobilazan dio studentskog \u017eivota. Na\u0161 cilj je da ovakvim doga\u0111ajima podstaknemo mlade na boravak u prirodi, ali i da ih motivi\u0161emo na o\u010duvanje zelenih povr\u0161ina i bolju valorizaciju prostora poput Kampusa UCG-a.<\/p>\n<p>Ovu manifestaciju organizuje Studentski kulturni centar, uz podr\u0161ku partnera: CKB banke, Nik\u0161i\u0107kog piva, Telekoma i Turisti\u010dke organizacije Podgorice.<\/p>\n","protected":false},"excerpt":{"rendered":"<p>Podgori\u010dki piknik prvobitno zakazan za srijedu, 12. marta, odlo\u017een je zbog nepovoljnih vremenskih uslova a novi datum odr\u017eavanja je 19. mart, u Univerzitetskom parku od 12 do 21 \u010das<\/p>\n","protected":false},"author":1,"featured_media":425538,"comment_status":"open","ping_status":"closed","sticky":false,"template":"","format":"standard","meta":{"_seopress_robots_primary_cat":"none","_seopress_titles_title":"","_seopress_titles_desc":"","_seopress_robots_index":"","_et_pb_use_builder":"","_et_pb_old_content":"","_et_gb_content_width":"","inline_featured_image":false,"footnotes":""},"categories":[10],"tags":[],"class_list":["post-425535","post","type-post","status-publish","format-standard","has-post-thumbnail","hentry","category-cuj-vidji-javi"],"_links":{"self":[{"href":"https:\/\/www.pcnen.com\/portal\/wp-json\/wp\/v2\/posts\/425535","targetHints":{"allow":["GET"]}}],"collection":[{"href":"https:\/\/www.pcnen.com\/portal\/wp-json\/wp\/v2\/posts"}],"about":[{"href":"https:\/\/www.pcnen.com\/portal\/wp-json\/wp\/v2\/types\/post"}],"author":[{"embeddable":true,"href":"https:\/\/www.pcnen.com\/portal\/wp-json\/wp\/v2\/users\/1"}],"replies":[{"embeddable":true,"href":"https:\/\/www.pcnen.com\/portal\/wp-json\/wp\/v2\/comments?post=425535"}],"version-history":[{"count":1,"href":"https:\/\/www.pcnen.com\/portal\/wp-json\/wp\/v2\/posts\/425535\/revisions"}],"predecessor-version":[{"id":425539,"href":"https:\/\/www.pcnen.com\/portal\/wp-json\/wp\/v2\/posts\/425535\/revisions\/425539"}],"wp:featuredmedia":[{"embeddable":true,"href":"https:\/\/www.pcnen.com\/portal\/wp-json\/wp\/v2\/media\/425538"}],"wp:attachment":[{"href":"https:\/\/www.pcnen.com\/portal\/wp-json\/wp\/v2\/media?parent=425535"}],"wp:term":[{"taxonomy":"category","embeddable":true,"href":"https:\/\/www.pcnen.com\/portal\/wp-json\/wp\/v2\/categories?post=425535"},{"taxonomy":"post_tag","embeddable":true,"href":"https:\/\/www.pcnen.com\/portal\/wp-json\/wp\/v2\/tags?post=425535"}],"curies":[{"name":"wp","href":"https:\/\/api.w.org\/{rel}","templated":true}]}}