{"id":425297,"date":"2025-03-08T07:17:10","date_gmt":"2025-03-08T06:17:10","guid":{"rendered":"https:\/\/www.pcnen.com\/portal\/?p=425297"},"modified":"2025-03-08T07:17:58","modified_gmt":"2025-03-08T06:17:58","slug":"frizerka-od-107-godina-video","status":"publish","type":"post","link":"https:\/\/www.pcnen.com\/portal\/2025\/03\/08\/frizerka-od-107-godina-video\/","title":{"rendered":"Frizerka od 107 godina\u00a0\u00a0(video)"},"content":{"rendered":"<p>Japanka \u0160icui Hakoi\u0161i koja \u017eivi u Nakagavi dobila je sertifikat 7. januara kao (aktivna) najstarija frizerka na svijetu! \u0160icui Hakoi\u0161i je tog dana dobila sertifikat od Bena Majersa, 33, generalnog direktora istra\u017eiva\u010dke firme Longevi Quest sa sjedi\u0161tem u Floridi kao najstarija frizerka na svijetu sa 107 godina.<\/p>\n<p>Hakoi\u0161i se preselila u Tokio sa 14 godina da bi se \u0161kolovala za frizerku, i vratila se u svoj rodni grad Nakagavu sa svoje dvoje male djece, verujuc\u0301i da c\u0301e se njen mu\u017e Jiro, koji je oti\u0161ao u Pacifi\u010dki rat, vratiti kuc\u0301i.<\/p>\n<p>Nakon \u0161to je saznala za mu\u017eevljevu smrt 1953. godine, osam godina nakon zavr\u0161etka rata, otvorila je frizerski salon, potkrijepljena mu\u017eevljevim rije\u010dima kada je oti\u0161ao u rat: \u201eDobro odgoji na\u0161u djecu\u201c. Ona i dalje \u0161i\u0161a oko pet mu\u0161terija mese\u010dno.<\/p>\n<p>Kada joj je uru\u010den sertifikat i buket cvijec\u0301a, Hakoi\u0161i se osmijehnula i rekla: \u201eNe mogu biti srec\u0301niji i bez rije\u010di sam.\u201c<\/p>\n<p>Na pitanje \u0161ta bi savjetovala mladim ljudima u izgradnji karijere, ona je odgovorila: \u201eBilo je te\u0161ko, ali radila sam predano od malih nogu, dok sam \u017eeljela da nastavim da \u0161i\u0161am kosu cijelog \u017eivota. Nadam se da c\u0301e naporno raditi bez oklevanja.\u201c prenosi re\u010di njene japnaski mainichi.<\/p>\n<p>Meiers, koji je rekao da je za tu priliku \u017eeli o\u0161i\u0161ati onda je proveo oko sat vremena \u0161i\u0161ajuc\u0301i se i brijajuc\u0301i bradu od strane Hakoishija.<\/p>\n<p>Zadivljen njenom brzinom, Majers je rekao da ne osjec\u0301a da Hakoi\u0161i ima 107 godina i da je to najbolja frizurka koju je ikada imao. On joj je zahvalio, rekav\u0161i da se nada da c\u0301e nastaviti da vodi srec\u0301an i zdrav \u017eivot.<\/p>\n<p>Hakoishi je odgovorila: \u201eTako sam srec\u0301an \u0161to mogu da o\u0161i\u0161am jednog Amerikanca. To je kao ostvarenje sna. Nastavic\u0301u da dajem sve od sebe.\u201c<\/p>\n<p><iframe loading=\"lazy\" title=\"YouTube video player\" src=\"https:\/\/www.youtube.com\/embed\/WL_cKBzBXqM?si=LWyIOE_aB5xLHgkZ\" width=\"560\" height=\"315\" frameborder=\"0\" allowfullscreen=\"allowfullscreen\"><\/iframe><\/p>\n","protected":false},"excerpt":{"rendered":"<p>Japanka \u0160icui Hakoi\u0161i koja \u017eivi u Nakagavi dobila je sertifikat 7. januara kao (aktivna) najstarija frizerka na svijetu! <\/p>\n","protected":false},"author":1,"featured_media":425300,"comment_status":"open","ping_status":"closed","sticky":false,"template":"","format":"standard","meta":{"_seopress_robots_primary_cat":"none","_seopress_titles_title":"","_seopress_titles_desc":"","_seopress_robots_index":"","_et_pb_use_builder":"","_et_pb_old_content":"","_et_gb_content_width":"","inline_featured_image":false,"footnotes":""},"categories":[9],"tags":[],"class_list":["post-425297","post","type-post","status-publish","format-standard","has-post-thumbnail","hentry","category-zanimljivosti"],"_links":{"self":[{"href":"https:\/\/www.pcnen.com\/portal\/wp-json\/wp\/v2\/posts\/425297","targetHints":{"allow":["GET"]}}],"collection":[{"href":"https:\/\/www.pcnen.com\/portal\/wp-json\/wp\/v2\/posts"}],"about":[{"href":"https:\/\/www.pcnen.com\/portal\/wp-json\/wp\/v2\/types\/post"}],"author":[{"embeddable":true,"href":"https:\/\/www.pcnen.com\/portal\/wp-json\/wp\/v2\/users\/1"}],"replies":[{"embeddable":true,"href":"https:\/\/www.pcnen.com\/portal\/wp-json\/wp\/v2\/comments?post=425297"}],"version-history":[{"count":2,"href":"https:\/\/www.pcnen.com\/portal\/wp-json\/wp\/v2\/posts\/425297\/revisions"}],"predecessor-version":[{"id":425302,"href":"https:\/\/www.pcnen.com\/portal\/wp-json\/wp\/v2\/posts\/425297\/revisions\/425302"}],"wp:featuredmedia":[{"embeddable":true,"href":"https:\/\/www.pcnen.com\/portal\/wp-json\/wp\/v2\/media\/425300"}],"wp:attachment":[{"href":"https:\/\/www.pcnen.com\/portal\/wp-json\/wp\/v2\/media?parent=425297"}],"wp:term":[{"taxonomy":"category","embeddable":true,"href":"https:\/\/www.pcnen.com\/portal\/wp-json\/wp\/v2\/categories?post=425297"},{"taxonomy":"post_tag","embeddable":true,"href":"https:\/\/www.pcnen.com\/portal\/wp-json\/wp\/v2\/tags?post=425297"}],"curies":[{"name":"wp","href":"https:\/\/api.w.org\/{rel}","templated":true}]}}