{"id":424638,"date":"2025-02-27T19:27:45","date_gmt":"2025-02-27T18:27:45","guid":{"rendered":"https:\/\/www.pcnen.com\/portal\/?p=424638"},"modified":"2025-02-27T19:27:45","modified_gmt":"2025-02-27T18:27:45","slug":"kraj-xx-vijeka","status":"publish","type":"post","link":"https:\/\/www.pcnen.com\/portal\/2025\/02\/27\/kraj-xx-vijeka\/","title":{"rendered":"Kraj XX vijeka"},"content":{"rendered":"<blockquote><p><strong>Pi\u0161e: Omer \u0160ARKI\u0106<\/strong><\/p><\/blockquote>\n<p>Bio je to kraj XX vijeka, a ne kraj prve polovine istog. Bio je rat u Bosni, a po\u010deo je i u Hrvatskoj. Tada se desila otmica u stanici \u0160trbci. Uvijek se pi\u0161e o tome da je bila neka otmica, a tek u nastavku &#8211; ko pro\u010dita informaciju do kraja &#8211; dozna\u0107e da su svi oteti i ubijeni.<\/p>\n<p>Oteti i ubijeni, zbog imena samo.<\/p>\n<p>Pri kraju prve polovine istog vijeka, Gestapo je vr\u0161io provjere prije zatvaranja i slanja u logore ili na egzekuciju, jer je bilo i Njemaca koji su nosili ime koje je moglo zvu\u010dati kao jevrejsko.<\/p>\n<p>Nigdje ne\u0107ete pro\u010ditati, osim u ovom tekstu, da su u vremenu prije i poslije otmice u \u0160trbcima, koja se desilo na dana\u0161nji dan prije 32 godine, skoro svi muslimani, u Podgorici bar, skinuli natpise sa imenom sa vrata svojih stanova i po\u0161tanskih sandu\u010di\u0107a.<\/p>\n<p>Za\u0161to su to mnogi uradili i prije ove otmice i ubistva otetih?<\/p>\n<p>Iz straha za goli \u017eivot, jer su bili svjesni da ih je ime moglo ko\u0161tati glave: takvo je vrijeme bilo, takva je atmosfera bila.<\/p>\n<p>Sad zamislite kako je bilo \u017eivjeti sa takvim strahom konstantno u periodu od dvije do tri godine?<\/p>\n<p>Da li je on bio opravdan ili ne?<\/p>\n<p>Ne samo otmica u \u0160trbcima, ve\u0107 i de\u0161avanja u Pljevljma, kada su muslimanima ku\u0107e dizane u vazduh &#8211; jer su muslimani, pokazuje da je taj strah bio realan i opravdan. Znate li da je tada neki general, te, pljevaljske oblasti, izjavio kako muslimani di\u017eu sami sebi ku\u0107e i radnje u vazduh kako bi simulirali ugo\u017eenost!?<\/p>\n<p>Kako sam li\u010dno pro\u0161ao to vrijeme i do\u017eivio bezbroj neprijatnosti i progona samo zbog imena, mogu potvrditi da je taj strah bio realan, opravdan.<\/p>\n<p>Ako ujutro pro\u010ditate novine i ono \u0161to su novinari ili \u201cnovinari\u201d tada pisali &#8211; a opet zbog straha ste ih morali \u010ditati, ve\u0107 od jutra ste osje\u0107ali mu\u010dninu. Poslije ve\u010dernjih dnevnika ste ve\u0107 gledali smrti u o\u010di, molili se da ona bude dostojanstvena.<\/p>\n<p>San je bio najljep\u0161e bjekstvo od smrtnog straha du\u017ee od dvije godine, a da li \u0107emo osvanuti nijesmo znali.<\/p>\n<p>Mo\u017eda je to bio i pretjeran, preuveli\u010dan strah, ali on nije bio samo moj, a ni kolektivna paranoja.<\/p>\n<p>Ta stalna, dugotrajna strepnja i strah ubili su mnoge, gore nego \u0161to ubija kur\u0161um. Kur\u0161um ili bomba ubiju u tren, prekrate muke.<\/p>\n<p>Konstantno i dugo \u017eivjeti u strahu za \u017eivot, vi\u0161e onih najbli\u017eih nego svoj, najgora je vrsta straha. Bu\u0111enje iz no\u0107nog sna vam je u takvim vremenima najgori ko\u0161mar i mora.<\/p>\n<p>Ne ponovile se vi\u0161e nikad. Nikom.<\/p>\n","protected":false},"excerpt":{"rendered":"<p>u vremenu prije i poslije otmice u \u0160trbcima, koja se desilo na dana\u0161nji dan prije 32 godine, skoro svi muslimani, u Podgorici bar, skinuli natpise sa imenom sa vrata svojih stanova i po\u0161tanskih sandu\u010di\u0107a<\/p>\n","protected":false},"author":12,"featured_media":424643,"comment_status":"open","ping_status":"closed","sticky":false,"template":"","format":"standard","meta":{"_seopress_robots_primary_cat":"none","_seopress_titles_title":"","_seopress_titles_desc":"","_seopress_robots_index":"","_et_pb_use_builder":"","_et_pb_old_content":"","_et_gb_content_width":"","inline_featured_image":false,"footnotes":""},"categories":[17],"tags":[],"class_list":["post-424638","post","type-post","status-publish","format-standard","has-post-thumbnail","hentry","category-blogovi"],"_links":{"self":[{"href":"https:\/\/www.pcnen.com\/portal\/wp-json\/wp\/v2\/posts\/424638","targetHints":{"allow":["GET"]}}],"collection":[{"href":"https:\/\/www.pcnen.com\/portal\/wp-json\/wp\/v2\/posts"}],"about":[{"href":"https:\/\/www.pcnen.com\/portal\/wp-json\/wp\/v2\/types\/post"}],"author":[{"embeddable":true,"href":"https:\/\/www.pcnen.com\/portal\/wp-json\/wp\/v2\/users\/12"}],"replies":[{"embeddable":true,"href":"https:\/\/www.pcnen.com\/portal\/wp-json\/wp\/v2\/comments?post=424638"}],"version-history":[{"count":3,"href":"https:\/\/www.pcnen.com\/portal\/wp-json\/wp\/v2\/posts\/424638\/revisions"}],"predecessor-version":[{"id":424645,"href":"https:\/\/www.pcnen.com\/portal\/wp-json\/wp\/v2\/posts\/424638\/revisions\/424645"}],"wp:featuredmedia":[{"embeddable":true,"href":"https:\/\/www.pcnen.com\/portal\/wp-json\/wp\/v2\/media\/424643"}],"wp:attachment":[{"href":"https:\/\/www.pcnen.com\/portal\/wp-json\/wp\/v2\/media?parent=424638"}],"wp:term":[{"taxonomy":"category","embeddable":true,"href":"https:\/\/www.pcnen.com\/portal\/wp-json\/wp\/v2\/categories?post=424638"},{"taxonomy":"post_tag","embeddable":true,"href":"https:\/\/www.pcnen.com\/portal\/wp-json\/wp\/v2\/tags?post=424638"}],"curies":[{"name":"wp","href":"https:\/\/api.w.org\/{rel}","templated":true}]}}