{"id":424107,"date":"2025-02-20T07:26:41","date_gmt":"2025-02-20T06:26:41","guid":{"rendered":"https:\/\/www.pcnen.com\/portal\/?p=424107"},"modified":"2025-02-20T07:28:30","modified_gmt":"2025-02-20T06:28:30","slug":"evropljani-zive-sve-krace","status":"publish","type":"post","link":"https:\/\/www.pcnen.com\/portal\/2025\/02\/20\/evropljani-zive-sve-krace\/","title":{"rendered":"Evropljani \u017eive sve kra\u0107e"},"content":{"rendered":"<p>Du\u017eina \u017eivotnog vijeka Evropljana stagnira \u0161irom starog kontinenta, a najve\u0107e usporavanje u tom smislu bilje\u017ei Engleska,\u00a0 pokazalo je najnovija studija.<\/p>\n<p>U istra\u017eivanju se navodi da je za tu pojavu kriva alarmantnu kombinacija lo\u0161e ishrane, masovne fizi\u010dke neaktivnosti i sve ve\u0107e gojaznosti stanovni\u0161tva, navodi Gardijan, prenosi Tanjug.<\/p>\n<p>U prosjeku je godi\u0161nji porast du\u017eine \u017eivotnog vijeka u Evropi opao sa 0,23 godine u periodu od 1990. do 2011. godine na 0,15 godina u razdoblju od 2011. do 2019., navodi se u istra\u017eivanju objavljenom u \u017eurnalu Lancet Public health.<\/p>\n<p>&nbsp;<\/p>\n<p>&nbsp;<\/p>\n","protected":false},"excerpt":{"rendered":"<p>Du\u017eina \u017eivotnog vijeka Evropljana stagnira \u0161irom starog kontinenta, a najve\u0107e usporavanje u tom smislu bilje\u017ei Engleska<\/p>\n","protected":false},"author":1,"featured_media":273168,"comment_status":"open","ping_status":"closed","sticky":false,"template":"","format":"standard","meta":{"_seopress_robots_primary_cat":"none","_seopress_titles_title":"","_seopress_titles_desc":"","_seopress_robots_index":"","_et_pb_use_builder":"","_et_pb_old_content":"","_et_gb_content_width":"","inline_featured_image":false,"footnotes":""},"categories":[9],"tags":[],"class_list":["post-424107","post","type-post","status-publish","format-standard","has-post-thumbnail","hentry","category-zanimljivosti"],"_links":{"self":[{"href":"https:\/\/www.pcnen.com\/portal\/wp-json\/wp\/v2\/posts\/424107","targetHints":{"allow":["GET"]}}],"collection":[{"href":"https:\/\/www.pcnen.com\/portal\/wp-json\/wp\/v2\/posts"}],"about":[{"href":"https:\/\/www.pcnen.com\/portal\/wp-json\/wp\/v2\/types\/post"}],"author":[{"embeddable":true,"href":"https:\/\/www.pcnen.com\/portal\/wp-json\/wp\/v2\/users\/1"}],"replies":[{"embeddable":true,"href":"https:\/\/www.pcnen.com\/portal\/wp-json\/wp\/v2\/comments?post=424107"}],"version-history":[{"count":3,"href":"https:\/\/www.pcnen.com\/portal\/wp-json\/wp\/v2\/posts\/424107\/revisions"}],"predecessor-version":[{"id":424112,"href":"https:\/\/www.pcnen.com\/portal\/wp-json\/wp\/v2\/posts\/424107\/revisions\/424112"}],"wp:featuredmedia":[{"embeddable":true,"href":"https:\/\/www.pcnen.com\/portal\/wp-json\/wp\/v2\/media\/273168"}],"wp:attachment":[{"href":"https:\/\/www.pcnen.com\/portal\/wp-json\/wp\/v2\/media?parent=424107"}],"wp:term":[{"taxonomy":"category","embeddable":true,"href":"https:\/\/www.pcnen.com\/portal\/wp-json\/wp\/v2\/categories?post=424107"},{"taxonomy":"post_tag","embeddable":true,"href":"https:\/\/www.pcnen.com\/portal\/wp-json\/wp\/v2\/tags?post=424107"}],"curies":[{"name":"wp","href":"https:\/\/api.w.org\/{rel}","templated":true}]}}