{"id":422504,"date":"2025-01-29T12:02:53","date_gmt":"2025-01-29T11:02:53","guid":{"rendered":"https:\/\/www.pcnen.com\/portal\/?p=422504"},"modified":"2025-01-29T12:03:29","modified_gmt":"2025-01-29T11:03:29","slug":"zasto-demokratski-zapad-suti-na-proteste-u-srbiji-i-autokratsku-vlast-vucica","status":"publish","type":"post","link":"https:\/\/www.pcnen.com\/portal\/2025\/01\/29\/zasto-demokratski-zapad-suti-na-proteste-u-srbiji-i-autokratsku-vlast-vucica\/","title":{"rendered":"Za\u0161to &#8216;demokratski Zapad&#8217; \u0161uti na proteste u Srbiji i autokratsku vlast Vu\u010di\u0107a?"},"content":{"rendered":"<blockquote><p><strong>Pi\u0161e: Omer \u0160ARKI\u0106<\/strong><\/p><\/blockquote>\n<p>Ko god prati malo \u0161ira zbivanja i izvje\u0161tavanje mejnstrim medija mimo regiona, primijeti\u0107e da se nikad ve\u0107i protesti u Srbiji protiv \u201eluka\u0161enko\u201c re\u017eima u Srbiji spominju samo sporadi\u010dno, \u0161turo &#8211; ne zavre\u0111uju njihovu pa\u017enju. Za razliku od srpskih protesta, oni mnogo manjeg inteziteta, u evropskim zemljama u kojima na \u010delu dr\u017eava nijesu bezrezervno \u201eprozapadne vlade\u201c, protesti se pomno prate, u \u017ei\u017ei su, daje im se mnogo ve\u0107i zna\u010daj od stvarnog. \u201cAnaliti\u010dari\u201c mejnstim medija i sami se utrkuju u otkrivaju nepo\u010dinstava tih vlada koje nijesu \u201e\u010dvrsto na zapadnom kursu\u201c, podr\u017eavaju proteste, daju im medijsku potporu. Iako je po svim proklamovanim (bitno je ista\u0107i ovo \u201eproklamovanim\u201c) zapadnim standardima, predsjednik Srbije je klasi\u010dan autokrata koji sve institucije, javna i tajne slu\u017ebe, dr\u017ei pod kontrolom, u obra\u010dunu sa neistomi\u0161ljenicima \u2013 u ovom slu\u010daju studentima, koristi metode koje je koristio Hitler kada je preuzimao vlast u nacisti\u010dkoj Njema\u010dkoj (a po preuzimanju jo\u0161 bezobzirnije i ja\u010de \u2013 da bi je u\u010dvrstio), kao \u0161to su: medijski lin\u010d, zastra\u0161ivanja, prebijanja protivnika\u00a0 od strane svojih falangi, \u010dak poku\u0161aje ubistava (nano\u0161enje te\u0161kih tjelesnih povreda demontrantima \u2013 studentima, premla\u0107ivanja, udaranje automobilima za vrijeme blokada&#8230;). Zapad, uglavnom, \u201emudro \u0161uti\u201c o svemu. Ili, \u010dak, kao za vrijeme prethodnih velikih protesta protiv Vu\u010di\u0107a i njegove strahovlade, a povodom namjera za iskopavanja litijuma, neskriveno mu daje javnu podr\u0161ku. Podsjeti\u0107u javnost da je ameri\u010dki ambasador u Beogradu Hil tada nazvao te demonstrante proruskim(!), a njema\u010dki kancelar \u0160olc je uprili\u010dio posjetu predsjedniku Srbije, daju\u0107i mu na taj na\u010din podr\u0161ku, koju je \u201ezakucao\u201c obra\u0107anjem na uprili\u010denoj konferenciji za \u0161tampu.<\/p>\n<p>Neko \u0107e re\u0107i da je to pragmati\u010dna politika zbog zapadnog interesa, potreba za litijumom!?<\/p>\n<p>Vjerujem da ima i toga, ali li\u010dno mislim da su razlozi mnogo dublji, a u proklamovane \u201ezapadne demokratske standarde i vrijednosti\u201c, poslije svega, slu\u010daja Asan\u017e, pogotovu podr\u0161ke genocidu nad Palestincima, vi\u0161e slabo ko ili niko ne vjeruje, osim oni koji propagiraju to vjerovanje \u201epo slu\u017ebenoj du\u017enosti\u201c \u2013 za novac kojeg dobijaju da bi \u0161irili famu o \u201ezapadnoj demokratiji i zapadnim vrijednostima\u201c.<\/p>\n<p>Dakle, koji je stvarni razlog ignorisanja velikih studentski protesta u Srbiji od strane zapadnih vlada i njihovih medija, \u010dime se na (in)direktan na\u010din daje podr\u0161ka Vu\u010di\u0107u?<\/p>\n<p>Vu\u010di\u0107 je doveden (bukvalno tako \u2013 doveden, ali to je duga pri\u010da da bih je opisao u ovom tekstu) na \u010delo Srbije sa zadatkom da prizna Kosovo za koje se toliko \u201ebori\u201c, \u0161to je on za vrijeme svoje decenijske vladavine uspje\u0161no priveo kraju. Osim podr\u0161ke da do\u0111e na vlast kako bi\u00a0 sproveo taj zadatak, Zapad na \u010delu sa SAD mu je dao odrije\u0161ene ruke da ga sprovede po svaku cijenu, zato ih nije tangiralo potpuno zarobljavanje i stavljanje svih medija pod njegovu kontrolu, uzurpiranje\u00a0 institucja, dube veza sa organizovanim kriminalom koji je jedan od garanta da se svaki naum mo\u017ee uspje\u0161no sprovesti i da \u0107e svaki otpor biti skr\u0161en.<\/p>\n<p>Ipak, \u201epragmati\u010dni Zapad\u201c na \u010delu sa SAD, u momentu kada vidi da je njihov miljenik i namje\u0161tenik beznade\u017eno izgubio podr\u0161ku u svom narodu, spreman je da ga promijeni, \u201epusti niz vodu\u201c, ali ne potpuno. Ako je dobro izvr\u0161avao postavljena zadatke, kao \u0161to je to kod nas radio \u0110ukanovi\u0107, garantuju mu imunitet, to jeste da \u0107e oni, porodice im i odabrani\u00a0 krug najbli\u017eih saradnika u\u017eivati u pokradenom i oplja\u010dkanom.<\/p>\n<p>Kada odlu\u010de da to urade i svog dotada\u0161njeg namje\u0161tenika zamijene drugim \u2013 isto takvim, sli\u010dnim ili \u010dak gorim &#8211; onim kojeg tako\u0111e mogu dr\u017eati pod totalnom kontrolom, to jeste da radi u njihovom interesu a ne interesu zemlje koju vodi, moraju nekog takvog prona\u0107i, poromovisati, nametnuti ga. Glavni problem velikih studentskih demonstracije u Srbiji je upravo u tome. Iza njih nema profilisanog lidera niti politi\u010dke partije\/pokreta, ne zna se koga bi te promjene mogle dovesti na vlast,\u00a0 nema garancija da bi takve promjene dovele do ustoli\u010denja novog zapadnog poslu\u0161nika. Ista stvar je bila sa svojevremenim protestima \u201eOdupri se\u201c u Podgorici, zato nijesu uspjeli.<\/p>\n<p>Sve dok se ne nametne i isprofili\u0161e odgovaraju\u0107a, poslu\u0161na alternativa Vu\u010di\u0107u \u2013 a vjerujem da se na tome upravo intezivno radi &#8211; veliki studentski protesti u Srbiji \u0107e biti ignorisani, ne\u0107e imati zapadnu podr\u0161ku, osu\u0111eni su na neuspjeh.<\/p>\n<p>Tako je to u klasi\u010dnim kolonojima kakve su sve dr\u017eavice na Balkanu, osim donekle Slovenije.<\/p>\n<p>Zato se poslije svake \u201epromjene\u201c na ovim prostorima ljudi pitaju \u201ezar je mogu\u0107e da su do\u0161li isti ili gori\u201c? Uvijek \u201ebiramo\u201c upravo one koje nam nametnu svojim uticajem, novcem koji ulo\u017ee u njih, propagandom preko medija koje skoro sve dr\u017ee pod svojom kontrolom i, to je po pravilu onaj najgori, ucijenjeni ljudski \u0161ljam, svjestan da je samo lutka na koncu tu\u0111e uprave, da u svakom trenutku mo\u017ee biti smijenjen ako poslu\u0161no ne izvr\u0161ava svako nare\u0111enje svojih mentora.<\/p>\n<blockquote><p>P.S. Da smo pod isto\u010dnom, to jest ruskom kolonijalnom upravom umjesto zapadno-ameri\u010dkom, situacija bi, vjerujem, bila ista, sli\u010dna, mogu\u0107e i gora.<\/p><\/blockquote>\n","protected":false},"excerpt":{"rendered":"<p>Ko god prati malo \u0161ira zbivanja i izvje\u0161tavanje mejnstrim medija mimo regiona, primijeti\u0107e da se nikad ve\u0107i protesti u Srbiji protiv \u201eluka\u0161enko\u201c re\u017eima u Srbiji spominju samo sporadi\u010dno, \u0161turo &#8211; ne zavre\u0111uju njihovu pa\u017enju<\/p>\n","protected":false},"author":12,"featured_media":422511,"comment_status":"open","ping_status":"closed","sticky":false,"template":"","format":"standard","meta":{"_seopress_robots_primary_cat":"none","_seopress_titles_title":"","_seopress_titles_desc":"","_seopress_robots_index":"","_et_pb_use_builder":"","_et_pb_old_content":"","_et_gb_content_width":"","inline_featured_image":false,"footnotes":""},"categories":[17],"tags":[],"class_list":["post-422504","post","type-post","status-publish","format-standard","has-post-thumbnail","hentry","category-blogovi"],"_links":{"self":[{"href":"https:\/\/www.pcnen.com\/portal\/wp-json\/wp\/v2\/posts\/422504","targetHints":{"allow":["GET"]}}],"collection":[{"href":"https:\/\/www.pcnen.com\/portal\/wp-json\/wp\/v2\/posts"}],"about":[{"href":"https:\/\/www.pcnen.com\/portal\/wp-json\/wp\/v2\/types\/post"}],"author":[{"embeddable":true,"href":"https:\/\/www.pcnen.com\/portal\/wp-json\/wp\/v2\/users\/12"}],"replies":[{"embeddable":true,"href":"https:\/\/www.pcnen.com\/portal\/wp-json\/wp\/v2\/comments?post=422504"}],"version-history":[{"count":4,"href":"https:\/\/www.pcnen.com\/portal\/wp-json\/wp\/v2\/posts\/422504\/revisions"}],"predecessor-version":[{"id":422513,"href":"https:\/\/www.pcnen.com\/portal\/wp-json\/wp\/v2\/posts\/422504\/revisions\/422513"}],"wp:featuredmedia":[{"embeddable":true,"href":"https:\/\/www.pcnen.com\/portal\/wp-json\/wp\/v2\/media\/422511"}],"wp:attachment":[{"href":"https:\/\/www.pcnen.com\/portal\/wp-json\/wp\/v2\/media?parent=422504"}],"wp:term":[{"taxonomy":"category","embeddable":true,"href":"https:\/\/www.pcnen.com\/portal\/wp-json\/wp\/v2\/categories?post=422504"},{"taxonomy":"post_tag","embeddable":true,"href":"https:\/\/www.pcnen.com\/portal\/wp-json\/wp\/v2\/tags?post=422504"}],"curies":[{"name":"wp","href":"https:\/\/api.w.org\/{rel}","templated":true}]}}