{"id":422043,"date":"2025-01-23T12:29:10","date_gmt":"2025-01-23T11:29:10","guid":{"rendered":"https:\/\/www.pcnen.com\/portal\/?p=422043"},"modified":"2025-01-23T12:33:25","modified_gmt":"2025-01-23T11:33:25","slug":"godisnjica-zeljeznicke-nesrece-na-biocu","status":"publish","type":"post","link":"https:\/\/www.pcnen.com\/portal\/2025\/01\/23\/godisnjica-zeljeznicke-nesrece-na-biocu\/","title":{"rendered":"Godi\u0161njica \u017eeljezni\u010dke nesre\u0107e na Bio\u010du"},"content":{"rendered":"<p>Danas je 19 godina od najve\u0107e saobra\u0107ajne nesre\u0107e u istoriji Crne Gore koja se dogodila na Bio\u010du kada je voz koji je saobra\u0107ao na relaciji Bijelo Polje-Podgorica iskliznuo iz \u0161ina i kada je poginulo 47, a povrije\u0111eno vi\u0161e od 200 putnika. Iako je pro\u0161lo skoro dvije decenije, pre\u017eivjeli putnici ali i porodice nastradalih sa nevjericom se prisje\u0107aju tog hladnog januarskog dana.<\/p>\n<p>Produkcijska ku\u0107a &#8220;Creativehub&#8221; upravo je objavila dokumentarni film &#8220;Kolosijek smrti&#8221; posve\u0107en \u017eeljezni\u010dkoj nesre\u0107i na Bio\u010du.<\/p>\n<p>Film je zami\u0161ljen kao emotivna i autenti\u010dna \u017eivotna pri\u010da aktera ovog doga\u0111aja, bez namjere presu\u0111ivanja ili tra\u017eenja odgovornosti za tragediju.<\/p>\n<p>Prvi put, nakon 19 godina, pred kamere je stao ma\u0161inovo\u0111a Slobodan Drobnjak koji iznosi svoju stranu pri\u010de.<\/p>\n<p>&#8220;Toga dana krenuo sam na posao ne slute\u0107i da se i\u0161ta lo\u0161e mo\u017ee desiti, a kamoli tragedija takvih razmjera&#8221;, kazao je Drobnjak.<\/p>\n<p>U dokumentarnom filmu &#8220;Kolosijek smrti&#8221; Drobnjak se prisje\u0107a trenutka kada se voz samopokrenuo, kao i momenata kada uska\u010de u voz i poku\u0161ava ga zaustaviti.<\/p>\n<p>&#8220;Te\u017eeg trenutka u \u017eivotu nijesam imao znaju\u0107i da ne mogu ni\u0161ta u\u010diniti i da \u0107e se desiti tragedija. Ne bih sebi nikad oprostio da nisam usko\u010dio u voz i poku\u0161ao da ga zaustavim. U\u010dinio sam sve kao da su moja djeca bila u vozu&#8221;, kazao je Drobnjak.<\/p>\n<p>Pored ma\u0161inovo\u0111e Drobnjaka, u filmu govore i Radomir \u010cabarkapa, suprug i otac nastradalih putnika, D\u017eevad Puri\u0161i\u0107, pre\u017eivjeli putnik, Ivana Jani\u010di\u0107, jedna od najte\u017ee povrije\u0111enih putnika, ljekari Vuk Nikovi\u0107, Aleksandar Ju\u0161kovi\u0107 i Mladen Filipovi\u0107, Rade Bojovi\u0107, tada\u0161nji pripadnik Vatrogasne jedinice Podgorica, kao i Bal\u0161a Rako\u010devi\u0107, medijski radnik.<\/p>\n<p>Film je zami\u0161ljen kao emotivna i autenti\u010dna \u017eivotna pri\u010da aktera ovog doga\u0111aja, bez namjere presu\u0111ivanja ili tra\u017eenja odgovornosti za tragediju.<\/p>\n<p>Ovaj film ima za cilj o\u010duvanje sje\u0107anja na ljude i doga\u0111aje koji su obilje\u017eili jedno te\u0161ko poglavlje na\u0161e zajedni\u010dke istorije.<\/p>\n<p><iframe loading=\"lazy\" title=\"YouTube video player\" src=\"https:\/\/www.youtube.com\/embed\/tz2bDg7YfIo?si=ZvAMIK5a3eXvagIP\" width=\"560\" height=\"315\" frameborder=\"0\" allowfullscreen=\"allowfullscreen\"><\/iframe><\/p>\n","protected":false},"excerpt":{"rendered":"<p>Dokumentarni film &#8216;Kolosijek smrti&#8217; (video)<\/p>\n","protected":false},"author":1,"featured_media":329780,"comment_status":"open","ping_status":"closed","sticky":false,"template":"","format":"standard","meta":{"_seopress_robots_primary_cat":"none","_seopress_titles_title":"","_seopress_titles_desc":"","_seopress_robots_index":"","_et_pb_use_builder":"","_et_pb_old_content":"","_et_gb_content_width":"","inline_featured_image":false,"footnotes":""},"categories":[10],"tags":[],"class_list":["post-422043","post","type-post","status-publish","format-standard","has-post-thumbnail","hentry","category-cuj-vidji-javi"],"_links":{"self":[{"href":"https:\/\/www.pcnen.com\/portal\/wp-json\/wp\/v2\/posts\/422043","targetHints":{"allow":["GET"]}}],"collection":[{"href":"https:\/\/www.pcnen.com\/portal\/wp-json\/wp\/v2\/posts"}],"about":[{"href":"https:\/\/www.pcnen.com\/portal\/wp-json\/wp\/v2\/types\/post"}],"author":[{"embeddable":true,"href":"https:\/\/www.pcnen.com\/portal\/wp-json\/wp\/v2\/users\/1"}],"replies":[{"embeddable":true,"href":"https:\/\/www.pcnen.com\/portal\/wp-json\/wp\/v2\/comments?post=422043"}],"version-history":[{"count":3,"href":"https:\/\/www.pcnen.com\/portal\/wp-json\/wp\/v2\/posts\/422043\/revisions"}],"predecessor-version":[{"id":422048,"href":"https:\/\/www.pcnen.com\/portal\/wp-json\/wp\/v2\/posts\/422043\/revisions\/422048"}],"wp:featuredmedia":[{"embeddable":true,"href":"https:\/\/www.pcnen.com\/portal\/wp-json\/wp\/v2\/media\/329780"}],"wp:attachment":[{"href":"https:\/\/www.pcnen.com\/portal\/wp-json\/wp\/v2\/media?parent=422043"}],"wp:term":[{"taxonomy":"category","embeddable":true,"href":"https:\/\/www.pcnen.com\/portal\/wp-json\/wp\/v2\/categories?post=422043"},{"taxonomy":"post_tag","embeddable":true,"href":"https:\/\/www.pcnen.com\/portal\/wp-json\/wp\/v2\/tags?post=422043"}],"curies":[{"name":"wp","href":"https:\/\/api.w.org\/{rel}","templated":true}]}}